{"id":16012,"date":"2025-12-09T13:52:32","date_gmt":"2025-12-09T12:52:32","guid":{"rendered":"https:\/\/pasaenmendoza.com\/?p=16012"},"modified":"2025-12-09T13:52:33","modified_gmt":"2025-12-09T12:52:33","slug":"el-tiempo-en-mendoza-para-este-martes-vuelve-el-calor-y-hay-alertas-de-tormentas","status":"publish","type":"post","link":"https:\/\/pasaenmendoza.com\/?p=16012","title":{"rendered":"El tiempo en Mendoza para este martes: vuelve el calor y hay alertas de tormentas"},"content":{"rendered":"\n<p>La&nbsp;<strong>temperatura m\u00e1xima para este martes llegar\u00e1 a los 34 grados cent\u00edgrados<\/strong>, mientras que la m\u00ednima alcanzar\u00e1 los 17 grados cent\u00edgrados.<\/p>\n\n\n\n<p>Estar\u00e1 \u201c<em>algo nublado con ascenso de la temperatura,\u00a0<strong>tormentas aisladas hacia la noche\u00a0<\/strong>afectando el centro y sur provincial<\/em>\u201c.<\/p>\n\n\n\n<p>El tiempo en alta monta\u00f1a: precipitaciones en cordillera.<\/p>\n\n\n\n<h2 class=\"wp-block-heading\" id=\"h-alertas\">Alertas<\/h2>\n\n\n\n<p>El Servicio Meteorol\u00f3gico Nacional dispuso un alerta en nivel amarillo por tormentas para las siguientes zonas de Mendoza:<\/p>\n\n\n\n<p><strong>Este de Las Heras \u2013 La Paz \u2013 Lavalle \u2013 San Mart\u00edn \u2013 Santa Rosa (noche).<\/strong><\/p>\n\n\n\n<p><strong>General Alvear \u2013 Zona baja de San Rafael (tarde).<\/strong><\/p>\n\n\n\n<p><strong>Zona baja de Malarg\u00fce (tarde).<\/strong><\/p>\n\n\n\n<p>El \u00e1rea ser\u00e1 afectada por\u00a0<strong>lluvias persistentes y tormentas de variada intensidad<\/strong>. Las mismas podr\u00e1n estar acompa\u00f1adas por abundante ca\u00edda de agua en per\u00edodos cortos;\u00a0<strong>ocasional ca\u00edda de granizo y r\u00e1fagas que podr\u00edan alcanzar los 70 kil\u00f3metros por hora<\/strong>. Se prev\u00e9n valores de precipitaci\u00f3n acumulada entre 20 y 40 mil\u00edmetros, que pueden ser superados en forma puntual.<\/p>\n\n\n\n<p><strong>Fuente: www.elsol.com.ar<\/strong><\/p>\n","protected":false},"excerpt":{"rendered":"<p>La&nbsp;temperatura m\u00e1xima para este martes llegar\u00e1 a los 34 grados cent\u00edgrados, mientras que la m\u00ednima alcanzar\u00e1 los 17 grados cent\u00edgrados. Estar\u00e1 \u201calgo nublado con ascenso de la temperatura,\u00a0tormentas aisladas hacia la noche\u00a0afectando el centro y sur provincial\u201c. El tiempo en alta monta\u00f1a: precipitaciones en cordillera. Alertas El Servicio Meteorol\u00f3gico Nacional dispuso un alerta en nivel [&hellip;]<\/p>\n","protected":false},"author":2,"featured_media":16013,"comment_status":"open","ping_status":"open","sticky":false,"template":"","format":"standard","meta":[],"categories":[52],"tags":[],"_links":{"self":[{"href":"https:\/\/pasaenmendoza.com\/index.php?rest_route=\/wp\/v2\/posts\/16012"}],"collection":[{"href":"https:\/\/pasaenmendoza.com\/index.php?rest_route=\/wp\/v2\/posts"}],"about":[{"href":"https:\/\/pasaenmendoza.com\/index.php?rest_route=\/wp\/v2\/types\/post"}],"author":[{"embeddable":true,"href":"https:\/\/pasaenmendoza.com\/index.php?rest_route=\/wp\/v2\/users\/2"}],"replies":[{"embeddable":true,"href":"https:\/\/pasaenmendoza.com\/index.php?rest_route=%2Fwp%2Fv2%2Fcomments&post=16012"}],"version-history":[{"count":1,"href":"https:\/\/pasaenmendoza.com\/index.php?rest_route=\/wp\/v2\/posts\/16012\/revisions"}],"predecessor-version":[{"id":16014,"href":"https:\/\/pasaenmendoza.com\/index.php?rest_route=\/wp\/v2\/posts\/16012\/revisions\/16014"}],"wp:featuredmedia":[{"embeddable":true,"href":"https:\/\/pasaenmendoza.com\/index.php?rest_route=\/wp\/v2\/media\/16013"}],"wp:attachment":[{"href":"https:\/\/pasaenmendoza.com\/index.php?rest_route=%2Fwp%2Fv2%2Fmedia&parent=16012"}],"wp:term":[{"taxonomy":"category","embeddable":true,"href":"https:\/\/pasaenmendoza.com\/index.php?rest_route=%2Fwp%2Fv2%2Fcategories&post=16012"},{"taxonomy":"post_tag","embeddable":true,"href":"https:\/\/pasaenmendoza.com\/index.php?rest_route=%2Fwp%2Fv2%2Ftags&post=16012"}],"curies":[{"name":"wp","href":"https:\/\/api.w.org\/{rel}","templated":true}]}}