{"id":16018,"date":"2025-12-09T14:11:13","date_gmt":"2025-12-09T13:11:13","guid":{"rendered":"https:\/\/pasaenmendoza.com\/?p=16018"},"modified":"2025-12-09T14:11:15","modified_gmt":"2025-12-09T13:11:15","slug":"el-senado-define-si-la-mineria-arranca-o-no-arranca-se-vota-san-jorge","status":"publish","type":"post","link":"https:\/\/pasaenmendoza.com\/?p=16018","title":{"rendered":"El Senado define si la miner\u00eda arranca o no arranca: se vota San Jorge"},"content":{"rendered":"\n<p>El\u00a0Gobierno provincial\u00a0se prepara para que este martes se apruebe en el\u00a0Senado\u00a0la declaraci\u00f3n de impacto ambiental del\u00a0<strong>proyecto minero San Jorge<\/strong>, ubicado casi 40 kil\u00f3metros al norte de Uspallata, en lo que ser\u00eda la\u00a0<strong>primera DIA de explotaci\u00f3n sancionada por la Legislatura con la Ley 7722 vigente<\/strong>.<\/p>\n\n\n\n<p>En la previa del tratamiento del proyecto, ya aprobado en Diputados,\u00a0<strong>en el oficialismo dan por descontado un respaldo de un sector de la oposici\u00f3n<\/strong>, aunque con los votos propios les alcanzar\u00eda. En principio, ese apoyo llegar\u00eda de un sector de lo que fue La Uni\u00f3n Mendocina, espec\u00edficamente del PRO, tras las manifestaciones abiertamente a favor de la miner\u00eda en aquel acto que encabez\u00f3 Mar\u00eda Eugenia Vidal semanas atr\u00e1s en Mendoza.<\/p>\n\n\n\n<p><strong>La duda sigue estando en el peronismo<\/strong>, que en Diputados vot\u00f3 en contra, y que todav\u00eda no define qu\u00e9 har\u00e1 hoy. Desde el bloque argumentan que solicitaron una ampliaci\u00f3n del informe del\u00a0Departamento General de Irrigaci\u00f3n, lo que abri\u00f3 un comp\u00e1s de espera que el oficialismo interpreta de otra manera.\u00a0<\/p>\n\n\n\n<p>Al respecto, en el Gobierno aseguran que desde hace un mes ofrecen reuniones con\u00a0Sergio Marinelli, la ministra de Energ\u00eda\u00a0Jimena Latorre\u00a0e incluso con el director de Miner\u00eda,\u00a0Jer\u00f3nimo Shantal, para responder las eventuales dudas que hayan surgido tras el tratamiento en comisiones. En este punto, afirman que el PJ simplemente busca &#8220;dilatar&#8221; la discusi\u00f3n.<\/p>\n\n\n\n<p>Para el PJ, m\u00e1s all\u00e1 de las diferencias sustanciales entre el sector de los intendentes y La C\u00e1mpora, que desde un comienzo anticip\u00f3 que votar\u00eda en contra -lo hizo la diputada Valentina Mor\u00e1n y lo ratificar\u00eda el senador F\u00e9lix Gonz\u00e1lez-,\u00a0<strong>el proyecto San Jorge se ha &#8220;te\u00f1ido de violeta&#8221;<\/strong>; de hecho, este lunes el presidente\u00a0Javier Milei destac\u00f3 la importancia de San Jorge y de paso dio por descontado que el peronismo votar\u00e1 en contra.<\/p>\n\n\n\n<p>En la Casa de las Leyes, mientras tanto, el clima se asemeja a lo sucedido en 2019, aunque en menor escala. En los alrededores de la Legislatura hay manifestaciones antimineras que comenzaron a llegar el lunes a la noche, provenientes de San Carlos, Uspallata y Lavalle, principalmente vinculadas a asambleas por el agua.<\/p>\n\n\n\n<p>En concreto,\u00a0<strong>si la DIA de explotaci\u00f3n de San Jorge es aprobada<\/strong>\u00a0como se presume,\u00a0<strong>la empresa deber\u00e1 terminar la factibilidad<\/strong>\u00a0(lo cual incluye pozos de infill o de relleno),\u00a0<strong>formalizar el ingreso al RIGI<\/strong>\u00a0y cumplir con todas las obligaciones generales previas al inicio de la\u00a0<strong>construcci\u00f3n de la mina.<\/strong><\/p>\n\n\n\n<p>Por otra parte, adem\u00e1s de San Jorge, el Senado tambi\u00e9n tratar\u00e1 hoy el paquete de proyectos aprobado semanas atr\u00e1s en Diputado:&nbsp;<strong>la DIA de exploraci\u00f3n de Malarg\u00fce II, el proyecto de regal\u00edas mineras y el Fondo Ambiental<\/strong>.<\/p>\n\n\n\n<p>Qu\u00e9 implica San Jorge: ubicaci\u00f3n, agua, inversi\u00f3n y operaci\u00f3n<\/p>\n\n\n\n<p>El proyecto San Jorge se emplaza en la precordillera mendocina, entre los 2.400 y 2.900 metros de altura, a 97 kil\u00f3metros de la Ciudad de Mendoza y 37 de Uspallata. La titularidad pas\u00f3 por numerosas empresas durante d\u00e9cadas hasta quedar, en 2024, en manos de<strong>\u00a0Zonda Metals GmBH (Suiza) y el Grupo Alberdi.<\/strong><\/p>\n\n\n\n<p>La mina utilizar\u00e1 agua del\u00a0<strong>arroyo El Tigre<\/strong>, una fuente permanente de monta\u00f1a cuyo\u00a0<strong>caudal promedio es de 318 l\/s<\/strong>. El proyecto\u00a0<strong>prev\u00e9 utilizar 141 l\/s<\/strong>, dejando un volumen que, seg\u00fan el estudio hidrol\u00f3gico, permite mantener el caudal ecol\u00f3gico necesario para la especie indicadora M. irarrazavalli. La autorizaci\u00f3n se basa en un informe de la Universidad Nacional de San Luis, que estim\u00f3 que la reducci\u00f3n en la recarga hacia la ci\u00e9naga de Yalguaraz ser\u00eda del 8% .<\/p>\n\n\n\n<p>La inversi\u00f3n total prevista asciende a&nbsp;<strong>USD 559 millones<\/strong>, de los cuales&nbsp;<strong>USD 462 millones corresponden a la etapa de construcci\u00f3n<\/strong>. La vida \u00fatil estimada del yacimiento es de 16 a\u00f1os, con una&nbsp;<strong>producci\u00f3n promedio anual de 151.000 toneladas de concentrado de cobre, y un pico posible de 241.000 toneladas.<\/strong><\/p>\n\n\n\n<p>En materia laboral, la obra promete<strong>&nbsp;1.000 empleos durante la construcci\u00f3n (con picos de 1.200), 380 puestos directos en operaci\u00f3n (700 sumando indirectos) y unos 100 durante el cierre<\/strong>.<\/p>\n\n\n\n<p>C\u00f3mo ser\u00e1 la operaci\u00f3n: tajo y flotaci\u00f3n<\/p>\n\n\n\n<p>San Jorge es un proyecto a cielo abierto, con un&nbsp;<strong>tajo de 1.700 metros de largo, 950 de ancho y hasta 350 metros de profundidad<\/strong>. El dise\u00f1o incluye un&nbsp;<strong>dep\u00f3sito de colas para 158 millones de toneladas, y distintas escombreras para \u00f3xidos, baja ley y est\u00e9riles<\/strong>.<\/p>\n\n\n\n<p>El proceso metal\u00fargico ser\u00e1 por flotaci\u00f3n, sin uso de cianuro, \u00e1cido sulf\u00farico ni mercurio, tal como establece la\u00a0Ley 7722. La planta trabajar\u00e1 con un circuito de recirculaci\u00f3n que busca reducir al m\u00ednimo la demanda de agua fresca.\u00a0<\/p>\n\n\n\n<p>Las aguas &#8220;contactadas&#8221; -aquellas que puedan mezclarse con sedimentos o materiales del proceso- ser\u00e1n captadas, analizadas y manejadas mediante piletas de contingencia y sistemas de evaporaci\u00f3n o reutilizaci\u00f3n.<\/p>\n\n\n\n<p><strong>Fuente: www.mendozapost.com<\/strong><\/p>\n","protected":false},"excerpt":{"rendered":"<p>El\u00a0Gobierno provincial\u00a0se prepara para que este martes se apruebe en el\u00a0Senado\u00a0la declaraci\u00f3n de impacto ambiental del\u00a0proyecto minero San Jorge, ubicado casi 40 kil\u00f3metros al norte de Uspallata, en lo que ser\u00eda la\u00a0primera DIA de explotaci\u00f3n sancionada por la Legislatura con la Ley 7722 vigente. En la previa del tratamiento del proyecto, ya aprobado en Diputados,\u00a0en [&hellip;]<\/p>\n","protected":false},"author":2,"featured_media":16019,"comment_status":"open","ping_status":"open","sticky":false,"template":"","format":"standard","meta":[],"categories":[47],"tags":[],"_links":{"self":[{"href":"https:\/\/pasaenmendoza.com\/index.php?rest_route=\/wp\/v2\/posts\/16018"}],"collection":[{"href":"https:\/\/pasaenmendoza.com\/index.php?rest_route=\/wp\/v2\/posts"}],"about":[{"href":"https:\/\/pasaenmendoza.com\/index.php?rest_route=\/wp\/v2\/types\/post"}],"author":[{"embeddable":true,"href":"https:\/\/pasaenmendoza.com\/index.php?rest_route=\/wp\/v2\/users\/2"}],"replies":[{"embeddable":true,"href":"https:\/\/pasaenmendoza.com\/index.php?rest_route=%2Fwp%2Fv2%2Fcomments&post=16018"}],"version-history":[{"count":1,"href":"https:\/\/pasaenmendoza.com\/index.php?rest_route=\/wp\/v2\/posts\/16018\/revisions"}],"predecessor-version":[{"id":16020,"href":"https:\/\/pasaenmendoza.com\/index.php?rest_route=\/wp\/v2\/posts\/16018\/revisions\/16020"}],"wp:featuredmedia":[{"embeddable":true,"href":"https:\/\/pasaenmendoza.com\/index.php?rest_route=\/wp\/v2\/media\/16019"}],"wp:attachment":[{"href":"https:\/\/pasaenmendoza.com\/index.php?rest_route=%2Fwp%2Fv2%2Fmedia&parent=16018"}],"wp:term":[{"taxonomy":"category","embeddable":true,"href":"https:\/\/pasaenmendoza.com\/index.php?rest_route=%2Fwp%2Fv2%2Fcategories&post=16018"},{"taxonomy":"post_tag","embeddable":true,"href":"https:\/\/pasaenmendoza.com\/index.php?rest_route=%2Fwp%2Fv2%2Ftags&post=16018"}],"curies":[{"name":"wp","href":"https:\/\/api.w.org\/{rel}","templated":true}]}}