{"id":16021,"date":"2025-12-09T14:22:03","date_gmt":"2025-12-09T13:22:03","guid":{"rendered":"https:\/\/pasaenmendoza.com\/?p=16021"},"modified":"2025-12-09T14:22:04","modified_gmt":"2025-12-09T13:22:04","slug":"la-dge-actualizo-el-plan-de-estudios-de-una-tecnicatura-con-salida-laboral","status":"publish","type":"post","link":"https:\/\/pasaenmendoza.com\/?p=16021","title":{"rendered":"La DGE actualiz\u00f3 el plan de estudios de una tecnicatura con salida laboral"},"content":{"rendered":"\n<p>La&nbsp;<strong>Direcci\u00f3n General de Escuelas (DGE)&nbsp;<\/strong>de&nbsp;<strong>Mendoza<\/strong>, mediante una nueva resoluci\u00f3n, aprob\u00f3 la&nbsp;<strong>actualizaci\u00f3n del plan de estudios<\/strong>&nbsp;de la carrera \u201c<strong><em>Tecnicatura Superior en Preceptor\u00eda Escolar<\/em>\u201d<\/strong>. Esta decisi\u00f3n busca adecuar la formaci\u00f3n de los futuros preceptores a las exigencias de la educaci\u00f3n actual y las demandas del sistema productivo y cultural.<\/p>\n\n\n\n<p>La resoluci\u00f3n subraya que la formaci\u00f3n de preceptores en el nivel superior es una&nbsp;<strong><em>\u201cnecesidad estrat\u00e9gica<\/em>\u201c<\/strong>&nbsp;para fortalecer la gesti\u00f3n institucional y el crucial acompa\u00f1amiento de los estudiantes en sus trayectorias educativas, especialmente en los niveles superiores.<\/p>\n\n\n\n<p>El nuevo dise\u00f1o curricular se enfoca en desarrollar competencias espec\u00edficas que demanda el rol del preceptor moderno:<\/p>\n\n\n\n<ul>\n<li><strong>Gesti\u00f3n acad\u00e9mica.<\/strong><\/li>\n\n\n\n<li><strong>Comunicaci\u00f3n institucional.<\/strong><\/li>\n\n\n\n<li><strong>Mediaci\u00f3n de conflictos.<\/strong><\/li>\n\n\n\n<li><strong>Acompa\u00f1amiento pedag\u00f3gico.<\/strong><\/li>\n<\/ul>\n\n\n\n<p>La Tecnicatura, que forma parte de la oferta de Nivel Superior desde 2004 en la jurisdicci\u00f3n, busca ahora&nbsp;<strong>incorporar los avances tecnol\u00f3gicos<\/strong>&nbsp;que atraviesan todos los campos de la formaci\u00f3n.<\/p>\n\n\n\n<h2 class=\"wp-block-heading\" id=\"h-construccion-colaborativa-y-caracter-jurisdiccional\">Construcci\u00f3n colaborativa y car\u00e1cter jurisdiccional<\/h2>\n\n\n\n<p>El nuevo plan de estudios es el resultado de un extenso proceso de consulta y construcci\u00f3n colectiva.<\/p>\n\n\n\n<p>Este dise\u00f1o curricular tendr\u00e1\u00a0<strong>car\u00e1cter jurisdiccional<\/strong>\u00a0y ser\u00e1 implementado en los\u00a0<strong>Institutos de Educaci\u00f3n Superior (IES)<\/strong>, tanto de gesti\u00f3n estatal como privada, distribuidos en las diferentes regiones de la provincia: Centro, Norte, Sur, Valle de Uco y Este.<\/p>\n\n\n\n<p>La DGE tambi\u00e9n dispuso la inmediata gesti\u00f3n para solicitar ante el Ministerio de Educaci\u00f3n de la Naci\u00f3n y el Consejo Federal de Educaci\u00f3n el\u00a0<strong>reconocimiento de la Validez Nacional<\/strong>\u00a0de la carrera, asegurando as\u00ed la oficializaci\u00f3n del t\u00edtulo en todo el pa\u00eds.<\/p>\n\n\n\n<p><strong>Fuente: www.elsol.com.ar<\/strong><\/p>\n","protected":false},"excerpt":{"rendered":"<p>La&nbsp;Direcci\u00f3n General de Escuelas (DGE)&nbsp;de&nbsp;Mendoza, mediante una nueva resoluci\u00f3n, aprob\u00f3 la&nbsp;actualizaci\u00f3n del plan de estudios&nbsp;de la carrera \u201cTecnicatura Superior en Preceptor\u00eda Escolar\u201d. Esta decisi\u00f3n busca adecuar la formaci\u00f3n de los futuros preceptores a las exigencias de la educaci\u00f3n actual y las demandas del sistema productivo y cultural. La resoluci\u00f3n subraya que la formaci\u00f3n de preceptores [&hellip;]<\/p>\n","protected":false},"author":2,"featured_media":16022,"comment_status":"open","ping_status":"open","sticky":false,"template":"","format":"standard","meta":[],"categories":[121],"tags":[],"_links":{"self":[{"href":"https:\/\/pasaenmendoza.com\/index.php?rest_route=\/wp\/v2\/posts\/16021"}],"collection":[{"href":"https:\/\/pasaenmendoza.com\/index.php?rest_route=\/wp\/v2\/posts"}],"about":[{"href":"https:\/\/pasaenmendoza.com\/index.php?rest_route=\/wp\/v2\/types\/post"}],"author":[{"embeddable":true,"href":"https:\/\/pasaenmendoza.com\/index.php?rest_route=\/wp\/v2\/users\/2"}],"replies":[{"embeddable":true,"href":"https:\/\/pasaenmendoza.com\/index.php?rest_route=%2Fwp%2Fv2%2Fcomments&post=16021"}],"version-history":[{"count":1,"href":"https:\/\/pasaenmendoza.com\/index.php?rest_route=\/wp\/v2\/posts\/16021\/revisions"}],"predecessor-version":[{"id":16023,"href":"https:\/\/pasaenmendoza.com\/index.php?rest_route=\/wp\/v2\/posts\/16021\/revisions\/16023"}],"wp:featuredmedia":[{"embeddable":true,"href":"https:\/\/pasaenmendoza.com\/index.php?rest_route=\/wp\/v2\/media\/16022"}],"wp:attachment":[{"href":"https:\/\/pasaenmendoza.com\/index.php?rest_route=%2Fwp%2Fv2%2Fmedia&parent=16021"}],"wp:term":[{"taxonomy":"category","embeddable":true,"href":"https:\/\/pasaenmendoza.com\/index.php?rest_route=%2Fwp%2Fv2%2Fcategories&post=16021"},{"taxonomy":"post_tag","embeddable":true,"href":"https:\/\/pasaenmendoza.com\/index.php?rest_route=%2Fwp%2Fv2%2Ftags&post=16021"}],"curies":[{"name":"wp","href":"https:\/\/api.w.org\/{rel}","templated":true}]}}