{"id":16024,"date":"2025-12-09T22:17:12","date_gmt":"2025-12-09T21:17:12","guid":{"rendered":"https:\/\/pasaenmendoza.com\/?p=16024"},"modified":"2025-12-09T22:17:13","modified_gmt":"2025-12-09T21:17:13","slug":"historico-es-ley-el-proyecto-de-extraccion-de-cobre-en-uspallata","status":"publish","type":"post","link":"https:\/\/pasaenmendoza.com\/?p=16024","title":{"rendered":"Hist\u00f3rico: es ley el proyecto de extracci\u00f3n de cobre en Uspallata"},"content":{"rendered":"\n<p>Bajo un clima de jornada hist\u00f3rica,\u00a0PSJ Cobre Mendocino recibi\u00f3 el aval legislativo para explotar cobre en Uspallata.<\/p>\n\n\n\n<p>Parte del&nbsp;<strong>peronismo&nbsp;<\/strong>vot\u00f3 a favor de la ratificaci\u00f3n de la<strong>&nbsp;Declaraci\u00f3n de Impacto Ambiental,<\/strong>&nbsp;lo que signific\u00f3 un cambio clave respecto del tratamiento del proyecto en la C\u00e1mara de Diputados.<\/p>\n\n\n\n<p>La sanci\u00f3n de la ley, para transformar el proyecto minero de&nbsp;<strong>San Jorge e<\/strong>n el primero en condiciones para explotar cobre en Mendoza, se dio por amplia mayor\u00eda, con&nbsp;<strong>29 votos a favor<\/strong>, 6 en contra y una abstenci\u00f3n.<\/p>\n\n\n\n<p>En los alrededores de la Legislatura hubo ruidosas manifestaciones en contra de la miner\u00eda y en defensa del agua. La marcha lleg\u00f3 a la plaza Independencia tras una caravana que comenz\u00f3 el lunes en Uspallata y tom\u00f3 parte del Acceso Sur y el Acceso Este en la ma\u00f1ana del martes.<\/p>\n\n\n\n<p>La vicegobernadora&nbsp;<strong>Hebe Casado<\/strong>, a cargo del Poder Ejecutivo por la ausencia del gobernador Alfredo Cornejo en Mendoza, presenci\u00f3 la sesi\u00f3n.<\/p>\n\n\n\n<h2 class=\"wp-block-heading\">El peronismo recibi\u00f3 data clave y sum\u00f3 apoyo para PSJ Cobre Mendocino<\/h2>\n\n\n\n<p>Los informes sobre el tratamiento y el cuidado del agua, que recibi\u00f3 el&nbsp;<strong>Partido Justicialista&nbsp;<\/strong>del D<strong>epartamento General de Irrigaci\u00f3n<\/strong>&nbsp;a \u00faltimo momento -durante la sesi\u00f3n-, fueron clave para 5 senadores que resolvieron votar a favor de la aprobaci\u00f3n de la DIA de PSJ Cobre Mendocino.<\/p>\n\n\n\n<p><strong>Mercedes Derrache, Adriana Cano, Mauricio Sat, Pedro Serra y Alejandra Barro<\/strong>&nbsp;son los legisladores que acompa\u00f1aron el proyecto.<\/p>\n\n\n\n<p>&#8220;La miner\u00eda es una actividad indispensable para el desarrollo y eso no significa valorar el agua, la flora y la fauna. Es la madre de todas las industrias y no podemos negarnos a eso. Frente a la transici\u00f3n energ\u00e9tica global la demanda se multiplica. Hablar de miner\u00eda es sustentable. Queremos miner\u00eda y debe ser sustentable. No queremos la miner\u00eda africana de la que hip\u00f3critamente el mundo hace uso&#8221;, dijo la senadora Derrache.<\/p>\n\n\n\n<p>&#8220;Creemos que la miner\u00eda es factible. Tengo mis dudas porque en una econom\u00eda colonial como esta dif\u00edcilmente pueda desarrollarse valor agregado. Pero generar\u00e1 empleo&#8221;, agreg\u00f3 en representaci\u00f3n de la mayor\u00eda de su bloque.<\/p>\n\n\n\n<p>&#8220;Han intervenido en la DIA varias instituciones. La UNCuyo ha formulado observaciones pero no ve inviable la actividad, sino que la condiciona. M\u00e1s all\u00e1 de que le demos el visto bueno al proyecto vamos a procurar que se cumplan esas condiciones&#8221;, expres\u00f3 Derrache anticipando el voto positivo a PSJ Cobre Mendocino y el rol que cumplir\u00e1 el peronismo.<\/p>\n\n\n\n<p>El senador Serra, que tambi\u00e9n vot\u00f3 a favor, sum\u00f3: &#8220;Es una cuesti\u00f3n netamente pol\u00edtica y no siempre los tiempos son los adecuados. Podr\u00eda haber estado mejor el expediente pero no podemos seguir discutiendo 15 a\u00f1os&#8221;.<\/p>\n\n\n\n<p><strong>Cristina G\u00f3mez, Gerardo Vaquer, Helio Pervi\u00fa y F\u00e9lix Gonz\u00e1lez,<\/strong>&nbsp;en tanto, votaron en contra. La senadora de La Paz fue la primera en adelantar su oposici\u00f3n al proyecto, tomando la palabra durante la sesi\u00f3n. Fue dura con los compa\u00f1eros de bloque que se inclinaron a favor de San Jorge y asegur\u00f3 que la miner\u00eda no resolver\u00e1 los problemas del interior de Mendoza.<\/p>\n\n\n\n<p>&#8220;No es una discusi\u00f3n de miner\u00eda s\u00ed o miner\u00eda no&#8221;, sum\u00f3 Gonz\u00e1lez, aunque se expres\u00f3 en contra del proyecto minero de explotaci\u00f3n PSJ. &#8220;Hemos perdido 15 a\u00f1os, hemos hecho papelones, nos la pasamos discutiendo por pol\u00edtica en lugar de empoderar a la ciencia para llegar al d\u00eda de hoy con respuestas. Esta DIA est\u00e1 mal porque le faltan herramientas, est\u00e1 condicionada y va a terminar judicializada&#8221;, argument\u00f3.<\/p>\n\n\n\n<p>Duilio Pezzuti, senador peronista pero separado del bloque, estuvo presente en la sesi\u00f3n pero se abstuvo al momento de la votaci\u00f3n.<\/p>\n\n\n\n<h2 class=\"wp-block-heading\">La voz del oficialismo<\/h2>\n\n\n\n<p>La presidenta del bloque de Cambia Mendoza, Natacha Eisenchlas, cerr\u00f3 el debate en el Senado.<\/p>\n\n\n\n<p>&#8220;No existe ning\u00fan argumento cient\u00edfico para no ratificar la Declaraci\u00f3n de Impacto Ambiental de PSJ Cobre Mendocino. M\u00e1s de 100 profesionales han trabajado en este proyecto minero y firmaron el informe t\u00e9cnico final&#8221;, expres\u00f3 defendiendo la iniciativa de explotaci\u00f3n minera en Uspallata.<\/p>\n\n\n\n<h2 class=\"wp-block-heading\">La Uni\u00f3n Mendocina, con mayor\u00eda a favor de PSJ Cobre Mendocino<\/h2>\n\n\n\n<p>El bloque de La Uni\u00f3n Mendocina se expres\u00f3 en mayor\u00eda a favor de autorizar la explotaci\u00f3n de cobre en Uspallata.<\/p>\n\n\n\n<p>&#8220;El proyecto cumple con todas condiciones ambientales s\u00faper rigurosas&#8221;, dijo el senador Gabriel Pradines al adelantar su voto positivo. Acompa\u00f1aron Mart\u00edn Rostand, Valent\u00edn Gonz\u00e1lez, Marcos Quattrini y Ariel Pringles.<\/p>\n\n\n\n<p>Flavia Manoni vot\u00f3 en contra. El senador Germ\u00e1n Vicchi se ausent\u00f3.<\/p>\n\n\n\n<h2 class=\"wp-block-heading\">Uno a favor y otro en contra<\/h2>\n\n\n\n<p>Los otros dos bloques unipersonales, adem\u00e1s del de Pezzuti, son los de Armando Magistretti, del Partido Dem\u00f3crata, y Dugar Chappel, del Partido Verde.<\/p>\n\n\n\n<p>El primero de ellos vot\u00f3 a favor de la ratificaci\u00f3n de la DIA de PSJ Cobre Mendocino y pidi\u00f3 que, de ahora hasta la producci\u00f3n, se salven las dudas para fortalecer el rol de control del Gobierno; en tanto que, Chappel vot\u00f3 en contra.<\/p>\n\n\n\n<h2 class=\"wp-block-heading\">Fuerte operativo policial en la Legislatura<\/h2>\n\n\n\n<p>&#8220;Nunca antes en 20 a\u00f1os de coberturas vi un operativo similar en la Legislatura&#8221;, se escuch\u00f3 en las afueras del recinto, donde los senadores van a debatir y votar 4 proyectos mineros, entre los que se encuentra la Declaraci\u00f3n de Impacto Ambiental de PSJ Cobre Mendocino, que fue el primero en aprobarse.<\/p>\n\n\n\n<p>Unos 500 polic\u00edas se ubicaron entre la Casa de las Leyes, el Nudo Vial y el auditorio \u00c1ngel Bustelo.<\/p>\n\n\n\n<p>El objetivo era controlar el orden teniendo en cuenta la ruidosa marcha antiminera que larg\u00f3 en Uspallata el lunes al mediod\u00eda, fue sumando gente en la llegada al Gran Mendoza y que desemboc\u00f3 en la plaza Independencia.<\/p>\n\n\n\n<p>All\u00ed, unos pocos que no participaron de la caravana esperaron al grueso de manifestantes desde las 8.30.<\/p>\n\n\n\n<p>La sesi\u00f3n por la miner\u00eda comenz\u00f3 despu\u00e9s de la sesi\u00f3n de acuerdos, pasadas las 10.<\/p>\n\n\n\n<p>El primero proyecto a tratar fue el de la DIA de la minera San Jorge, que es el que despierta pasiones dentro y fuera de la Legislatura. Luego fue el turno de las 27 DIAs de Malarg\u00fce Distrito Minero Occidental; de las regal\u00edas mineras y de la creaci\u00f3n del Fondo de Compensaci\u00f3n Ambiental, que tambi\u00e9n tuvieron luz verde.<\/p>\n\n\n\n<p><strong>Fuente: www.diariouno.com.ar<\/strong><\/p>\n","protected":false},"excerpt":{"rendered":"<p>Bajo un clima de jornada hist\u00f3rica,\u00a0PSJ Cobre Mendocino recibi\u00f3 el aval legislativo para explotar cobre en Uspallata. Parte del&nbsp;peronismo&nbsp;vot\u00f3 a favor de la ratificaci\u00f3n de la&nbsp;Declaraci\u00f3n de Impacto Ambiental,&nbsp;lo que signific\u00f3 un cambio clave respecto del tratamiento del proyecto en la C\u00e1mara de Diputados. La sanci\u00f3n de la ley, para transformar el proyecto minero de&nbsp;San [&hellip;]<\/p>\n","protected":false},"author":2,"featured_media":16025,"comment_status":"open","ping_status":"open","sticky":false,"template":"","format":"standard","meta":[],"categories":[116],"tags":[],"_links":{"self":[{"href":"https:\/\/pasaenmendoza.com\/index.php?rest_route=\/wp\/v2\/posts\/16024"}],"collection":[{"href":"https:\/\/pasaenmendoza.com\/index.php?rest_route=\/wp\/v2\/posts"}],"about":[{"href":"https:\/\/pasaenmendoza.com\/index.php?rest_route=\/wp\/v2\/types\/post"}],"author":[{"embeddable":true,"href":"https:\/\/pasaenmendoza.com\/index.php?rest_route=\/wp\/v2\/users\/2"}],"replies":[{"embeddable":true,"href":"https:\/\/pasaenmendoza.com\/index.php?rest_route=%2Fwp%2Fv2%2Fcomments&post=16024"}],"version-history":[{"count":1,"href":"https:\/\/pasaenmendoza.com\/index.php?rest_route=\/wp\/v2\/posts\/16024\/revisions"}],"predecessor-version":[{"id":16026,"href":"https:\/\/pasaenmendoza.com\/index.php?rest_route=\/wp\/v2\/posts\/16024\/revisions\/16026"}],"wp:featuredmedia":[{"embeddable":true,"href":"https:\/\/pasaenmendoza.com\/index.php?rest_route=\/wp\/v2\/media\/16025"}],"wp:attachment":[{"href":"https:\/\/pasaenmendoza.com\/index.php?rest_route=%2Fwp%2Fv2%2Fmedia&parent=16024"}],"wp:term":[{"taxonomy":"category","embeddable":true,"href":"https:\/\/pasaenmendoza.com\/index.php?rest_route=%2Fwp%2Fv2%2Fcategories&post=16024"},{"taxonomy":"post_tag","embeddable":true,"href":"https:\/\/pasaenmendoza.com\/index.php?rest_route=%2Fwp%2Fv2%2Ftags&post=16024"}],"curies":[{"name":"wp","href":"https:\/\/api.w.org\/{rel}","templated":true}]}}