{"id":16030,"date":"2025-12-09T22:23:45","date_gmt":"2025-12-09T21:23:45","guid":{"rendered":"https:\/\/pasaenmendoza.com\/?p=16030"},"modified":"2025-12-09T22:23:46","modified_gmt":"2025-12-09T21:23:46","slug":"el-conicet-descubrio-en-las-heras-restos-fosiles-de-plantas-que-tienen-mas-de-240-millones-de-anos","status":"publish","type":"post","link":"https:\/\/pasaenmendoza.com\/?p=16030","title":{"rendered":"El Conicet descubri\u00f3 en Las Heras restos f\u00f3siles de plantas que tienen m\u00e1s de 240 millones de a\u00f1os"},"content":{"rendered":"\n<p>Aunque actualmente\u00a0<strong>Mendoza<\/strong>\u00a0sea una provincia marcada por la aridez, hace m\u00e1s de 240 millones de a\u00f1os su paisaje era muy distinto. Durante el Tri\u00e1sico Medio, la regi\u00f3n estaba rodeada de lagos y cubierta por vegetaci\u00f3n. Eso pudo comprobarse a partir del hallazgo de\u00a0<strong>restos f\u00f3siles<\/strong>\u00a0de\u00a0<strong>plantas\u00a0<\/strong>en la subcuenca Santa Clara, al norte de la provincia, realizado por un equipo de investigaci\u00f3n del\u00a0<strong>Conicet<\/strong>.<\/p>\n\n\n\n<p>El estudio fue liderado por el paleobot\u00e1nico Tom\u00e1s Pedernera,\u00a0<strong>investigador<\/strong>\u00a0del Instituto Argentino de Nivolog\u00eda, Glaciolog\u00eda y Ciencias Ambientales\u00a0<strong>(Ianigla)<\/strong>, y tiene un valor excepcional porque las rocas donde se encontraron las\u00a0<strong>plantas<\/strong>\u00a0cuentan con una dataci\u00f3n precisa, algo poco frecuente para este per\u00edodo de la historia de la Tierra.<\/p>\n\n\n\n<h2 class=\"wp-block-heading\">Plantas de una \u00e9poca clave del planeta<\/h2>\n\n\n\n<p>Las&nbsp;<strong>plantas<\/strong>&nbsp;halladas pertenecen al Anisiano, un intervalo del Tri\u00e1sico Medio que se extiende entre los 247 y 242 millones de a\u00f1os atr\u00e1s. Se trata de una etapa fundamental, posterior a una gran extinci\u00f3n, cuando los ecosistemas terrestres comenzaban a reorganizarse y a diversificarse nuevamente.<\/p>\n\n\n\n<p>Seg\u00fan explicaron los investigadores, conocer con exactitud la edad de estos&nbsp;<strong>f\u00f3siles<\/strong>&nbsp;permite ubicar con mayor precisi\u00f3n c\u00f3mo y cu\u00e1ndo se desarrollaron las primeras comunidades vegetales complejas.<\/p>\n\n\n\n<h2 class=\"wp-block-heading\">C\u00f3mo era el paisaje mendocino hace 240 millones de a\u00f1os<\/h2>\n\n\n\n<p>Los&nbsp;<strong>restos f\u00f3siles<\/strong>&nbsp;permitieron reconstruir antiguos ambientes lacustres, es decir,<strong>&nbsp;zonas de lagos&nbsp;<\/strong>y sus orillas. All\u00ed crec\u00edan distintas especies de plantas, tanto con \u00f3rganos reproductivos como&nbsp;<strong>vegetativos<\/strong>, que eran comunes durante el Tri\u00e1sico.<\/p>\n\n\n\n<p>La excelente preservaci\u00f3n de los\u00a0<strong>restos f\u00f3siles<\/strong>\u00a0de\u00a0<strong>plantas<\/strong>\u00a0se debi\u00f3 a condiciones ambientales particulares: los fondos de los lagos no ten\u00edan ox\u00edgeno y una alta acumulaci\u00f3n de sedimentos cubri\u00f3 r\u00e1pidamente las<strong>\u00a0plantas<\/strong>, evitando que se degradaran con el paso del tiempo.<\/p>\n\n\n\n<h2 class=\"wp-block-heading\">Un registro raro a nivel mundial<\/h2>\n\n\n\n<p>Cecilia Benavente, investigadora del Conicet en el<strong>&nbsp;Ianigla<\/strong>&nbsp;y coautora del estudio, destac\u00f3 que existen muy pocos ecosistemas terrestres de esta \u00e9poca preservados con dataciones precisas en el mundo. En ese contexto, el registro mendocino adquiere relevancia cient\u00edfica internacional.<\/p>\n\n\n\n<p>Los&nbsp;<strong>restos f\u00f3siles<\/strong>&nbsp;fueron encontrados en la Formaci\u00f3n Santa Clara Arriba, parte del Grupo El Pe\u00f1asco, dentro de la cuenca cuyana, compuesta \u00edntegramente por rocas del Tri\u00e1sico.<\/p>\n\n\n\n<h2 class=\"wp-block-heading\">Clima antiguo y patrimonio natural<\/h2>\n\n\n\n<p>El hallazgo tambi\u00e9n abre la puerta a nuevas investigaciones sobre el&nbsp;<strong>clima<\/strong>&nbsp;del pasado. Durante el Anisiano hubo un periodo de elevada humedad, comprobado hasta ahora solo en el hemisferio norte. La presencia de un ecosistema terrestre bien conservado en Mendoza permitir\u00e1 analizar si ese fen\u00f3meno tambi\u00e9n ocurri\u00f3 en el hemisferio sur.<\/p>\n\n\n\n<p>Finalmente, los investigadores recordaron que los\u00a0<strong>f\u00f3siles<\/strong>\u00a0son patrimonio natural protegido por ley. Su estudio no solo permite reconstruir la historia de la vida en la Tierra, sino tambi\u00e9n comprender los procesos evolutivos que dieron forma a los paisajes actuales.<\/p>\n\n\n\n<p><strong>Fuente: www.diariouno.com.ar<\/strong><\/p>\n","protected":false},"excerpt":{"rendered":"<p>Aunque actualmente\u00a0Mendoza\u00a0sea una provincia marcada por la aridez, hace m\u00e1s de 240 millones de a\u00f1os su paisaje era muy distinto. Durante el Tri\u00e1sico Medio, la regi\u00f3n estaba rodeada de lagos y cubierta por vegetaci\u00f3n. Eso pudo comprobarse a partir del hallazgo de\u00a0restos f\u00f3siles\u00a0de\u00a0plantas\u00a0en la subcuenca Santa Clara, al norte de la provincia, realizado por un [&hellip;]<\/p>\n","protected":false},"author":2,"featured_media":16031,"comment_status":"open","ping_status":"open","sticky":false,"template":"","format":"standard","meta":[],"categories":[50],"tags":[],"_links":{"self":[{"href":"https:\/\/pasaenmendoza.com\/index.php?rest_route=\/wp\/v2\/posts\/16030"}],"collection":[{"href":"https:\/\/pasaenmendoza.com\/index.php?rest_route=\/wp\/v2\/posts"}],"about":[{"href":"https:\/\/pasaenmendoza.com\/index.php?rest_route=\/wp\/v2\/types\/post"}],"author":[{"embeddable":true,"href":"https:\/\/pasaenmendoza.com\/index.php?rest_route=\/wp\/v2\/users\/2"}],"replies":[{"embeddable":true,"href":"https:\/\/pasaenmendoza.com\/index.php?rest_route=%2Fwp%2Fv2%2Fcomments&post=16030"}],"version-history":[{"count":1,"href":"https:\/\/pasaenmendoza.com\/index.php?rest_route=\/wp\/v2\/posts\/16030\/revisions"}],"predecessor-version":[{"id":16032,"href":"https:\/\/pasaenmendoza.com\/index.php?rest_route=\/wp\/v2\/posts\/16030\/revisions\/16032"}],"wp:featuredmedia":[{"embeddable":true,"href":"https:\/\/pasaenmendoza.com\/index.php?rest_route=\/wp\/v2\/media\/16031"}],"wp:attachment":[{"href":"https:\/\/pasaenmendoza.com\/index.php?rest_route=%2Fwp%2Fv2%2Fmedia&parent=16030"}],"wp:term":[{"taxonomy":"category","embeddable":true,"href":"https:\/\/pasaenmendoza.com\/index.php?rest_route=%2Fwp%2Fv2%2Fcategories&post=16030"},{"taxonomy":"post_tag","embeddable":true,"href":"https:\/\/pasaenmendoza.com\/index.php?rest_route=%2Fwp%2Fv2%2Ftags&post=16030"}],"curies":[{"name":"wp","href":"https:\/\/api.w.org\/{rel}","templated":true}]}}