{"id":16033,"date":"2025-12-09T22:26:01","date_gmt":"2025-12-09T21:26:01","guid":{"rendered":"https:\/\/pasaenmendoza.com\/?p=16033"},"modified":"2025-12-09T22:26:02","modified_gmt":"2025-12-09T21:26:02","slug":"alerta-amarilla-advirtieron-por-inestabilidad-y-fuertes-tormentas-en-varias-zonas-de-mendoza","status":"publish","type":"post","link":"https:\/\/pasaenmendoza.com\/?p=16033","title":{"rendered":"Alerta amarilla: advirtieron por inestabilidad y fuertes tormentas en varias zonas de Mendoza"},"content":{"rendered":"\n<p>El pron\u00f3stico oficial del\u00a0<strong>Servicio Meteorol\u00f3gico Nacional (SMN)<\/strong>\u00a0anticip\u00f3 un escenario de\u00a0<strong>inestabilidad<\/strong>\u00a0para este martes, con la emisi\u00f3n de un\u00a0<strong>alerta meteorol\u00f3gica<\/strong>\u00a0que abarca una amplia franja del territorio mendocino. Las \u00e1reas bajo vigilancia incluyen a\u00a0<strong>Lavalle<\/strong>,\u00a0<strong>La Paz<\/strong>,\u00a0<strong>San Mart\u00edn<\/strong>,\u00a0<strong>Santa Rosa<\/strong>,\u00a0<strong>San Rafael<\/strong>,\u00a0<strong>General Alvear<\/strong>\u00a0y\u00a0<strong>Malarg\u00fce<\/strong>.<\/p>\n\n\n\n<p>De acuerdo con lo informado por el organismo nacional, el desarrollo de&nbsp;<strong>tormentas<\/strong>&nbsp;comenzar\u00eda durante la&nbsp;<strong>tarde<\/strong>, cuando se prev\u00e9 el ingreso de n\u00facleos convectivos capaces de generar lluvias intensas en cortos per\u00edodos. El fen\u00f3meno podr\u00eda mantenerse activo hasta la&nbsp;<strong>noche<\/strong>, con variaciones en su intensidad seg\u00fan la zona.<\/p>\n\n\n\n<p>Las autoridades recomiendan mantenerse atentos a las actualizaciones oficiales y tomar precauciones ante posibles r\u00e1fagas, actividad el\u00e9ctrica y acumulados de precipitaci\u00f3n elevados en lapsos breves.<\/p>\n\n\n\n<p><strong>Fuente: www.diariomendoza.com.ar<\/strong><\/p>\n","protected":false},"excerpt":{"rendered":"<p>El pron\u00f3stico oficial del\u00a0Servicio Meteorol\u00f3gico Nacional (SMN)\u00a0anticip\u00f3 un escenario de\u00a0inestabilidad\u00a0para este martes, con la emisi\u00f3n de un\u00a0alerta meteorol\u00f3gica\u00a0que abarca una amplia franja del territorio mendocino. Las \u00e1reas bajo vigilancia incluyen a\u00a0Lavalle,\u00a0La Paz,\u00a0San Mart\u00edn,\u00a0Santa Rosa,\u00a0San Rafael,\u00a0General Alvear\u00a0y\u00a0Malarg\u00fce. De acuerdo con lo informado por el organismo nacional, el desarrollo de&nbsp;tormentas&nbsp;comenzar\u00eda durante la&nbsp;tarde, cuando se prev\u00e9 el ingreso [&hellip;]<\/p>\n","protected":false},"author":2,"featured_media":16034,"comment_status":"open","ping_status":"open","sticky":false,"template":"","format":"standard","meta":[],"categories":[52],"tags":[],"_links":{"self":[{"href":"https:\/\/pasaenmendoza.com\/index.php?rest_route=\/wp\/v2\/posts\/16033"}],"collection":[{"href":"https:\/\/pasaenmendoza.com\/index.php?rest_route=\/wp\/v2\/posts"}],"about":[{"href":"https:\/\/pasaenmendoza.com\/index.php?rest_route=\/wp\/v2\/types\/post"}],"author":[{"embeddable":true,"href":"https:\/\/pasaenmendoza.com\/index.php?rest_route=\/wp\/v2\/users\/2"}],"replies":[{"embeddable":true,"href":"https:\/\/pasaenmendoza.com\/index.php?rest_route=%2Fwp%2Fv2%2Fcomments&post=16033"}],"version-history":[{"count":1,"href":"https:\/\/pasaenmendoza.com\/index.php?rest_route=\/wp\/v2\/posts\/16033\/revisions"}],"predecessor-version":[{"id":16035,"href":"https:\/\/pasaenmendoza.com\/index.php?rest_route=\/wp\/v2\/posts\/16033\/revisions\/16035"}],"wp:featuredmedia":[{"embeddable":true,"href":"https:\/\/pasaenmendoza.com\/index.php?rest_route=\/wp\/v2\/media\/16034"}],"wp:attachment":[{"href":"https:\/\/pasaenmendoza.com\/index.php?rest_route=%2Fwp%2Fv2%2Fmedia&parent=16033"}],"wp:term":[{"taxonomy":"category","embeddable":true,"href":"https:\/\/pasaenmendoza.com\/index.php?rest_route=%2Fwp%2Fv2%2Fcategories&post=16033"},{"taxonomy":"post_tag","embeddable":true,"href":"https:\/\/pasaenmendoza.com\/index.php?rest_route=%2Fwp%2Fv2%2Ftags&post=16033"}],"curies":[{"name":"wp","href":"https:\/\/api.w.org\/{rel}","templated":true}]}}