{"id":16036,"date":"2025-12-10T13:52:17","date_gmt":"2025-12-10T12:52:17","guid":{"rendered":"https:\/\/pasaenmendoza.com\/?p=16036"},"modified":"2025-12-10T13:52:18","modified_gmt":"2025-12-10T12:52:18","slug":"el-tiempo-en-mendoza-para-este-miercoles-caluroso-y-con-tormentas","status":"publish","type":"post","link":"https:\/\/pasaenmendoza.com\/?p=16036","title":{"rendered":"El tiempo en Mendoza para este mi\u00e9rcoles: caluroso y con tormentas"},"content":{"rendered":"\n<p>La&nbsp;<strong>temperatura m\u00e1xima para este mi\u00e9rcoles ascender\u00e1 a los 34 grados cent\u00edgrados, mientras que la m\u00ednima se ubicar\u00e1 en los 19 grados cent\u00edgrados<\/strong>.<\/p>\n\n\n\n<p>Estar\u00e1 \u201c<em><strong>caluroso<\/strong>\u00a0y algo nublado,\u00a0<strong>tormentas<\/strong>\u00a0aisladas hacia la noche, vientos moderados del noreste<\/em>\u201c.<\/p>\n\n\n\n<h2 class=\"wp-block-heading\" id=\"h-alertas\">Alertas<\/h2>\n\n\n\n<p>El Servicio Meteorol\u00f3gico Nacional lanz\u00f3 un alerta en nivel amarillo por tormentas para estas zonas de Mendoza:<\/p>\n\n\n\n<p><strong>Este de Las Heras \u2013 La Paz \u2013 Lavalle \u2013 San Mart\u00edn \u2013 Santa Rosa (noche)<\/strong>.<\/p>\n\n\n\n<p><strong>General Alvear \u2013 Zona baja de San Rafael (tarde y noche)<\/strong>.<\/p>\n\n\n\n<p><strong>Zona baja de Malarg\u00fce (tarde)<\/strong>.<\/p>\n\n\n\n<p>El \u00e1rea ser\u00e1 afectada por\u00a0<strong>tormentas de variada intensidad, algunas puntualmente fuertes.<\/strong>\u00a0Las mismas podr\u00e1n estar acompa\u00f1adas por abundante precipitaci\u00f3n en cortos per\u00edodos,\u00a0<strong>granizo y r\u00e1fagas que podr\u00edan alcanzar los 80 kil\u00f3metros por hora<\/strong>. Se prev\u00e9n valores de precipitaci\u00f3n acumulada entre 20 y 50 mil\u00edmetros, que pueden ser superados en forma puntual.<\/p>\n\n\n\n<p><strong>Fuente: www.elsol.com.ar<\/strong><\/p>\n","protected":false},"excerpt":{"rendered":"<p>La&nbsp;temperatura m\u00e1xima para este mi\u00e9rcoles ascender\u00e1 a los 34 grados cent\u00edgrados, mientras que la m\u00ednima se ubicar\u00e1 en los 19 grados cent\u00edgrados. Estar\u00e1 \u201ccaluroso\u00a0y algo nublado,\u00a0tormentas\u00a0aisladas hacia la noche, vientos moderados del noreste\u201c. Alertas El Servicio Meteorol\u00f3gico Nacional lanz\u00f3 un alerta en nivel amarillo por tormentas para estas zonas de Mendoza: Este de Las Heras [&hellip;]<\/p>\n","protected":false},"author":2,"featured_media":16037,"comment_status":"open","ping_status":"open","sticky":false,"template":"","format":"standard","meta":[],"categories":[52],"tags":[],"_links":{"self":[{"href":"https:\/\/pasaenmendoza.com\/index.php?rest_route=\/wp\/v2\/posts\/16036"}],"collection":[{"href":"https:\/\/pasaenmendoza.com\/index.php?rest_route=\/wp\/v2\/posts"}],"about":[{"href":"https:\/\/pasaenmendoza.com\/index.php?rest_route=\/wp\/v2\/types\/post"}],"author":[{"embeddable":true,"href":"https:\/\/pasaenmendoza.com\/index.php?rest_route=\/wp\/v2\/users\/2"}],"replies":[{"embeddable":true,"href":"https:\/\/pasaenmendoza.com\/index.php?rest_route=%2Fwp%2Fv2%2Fcomments&post=16036"}],"version-history":[{"count":1,"href":"https:\/\/pasaenmendoza.com\/index.php?rest_route=\/wp\/v2\/posts\/16036\/revisions"}],"predecessor-version":[{"id":16038,"href":"https:\/\/pasaenmendoza.com\/index.php?rest_route=\/wp\/v2\/posts\/16036\/revisions\/16038"}],"wp:featuredmedia":[{"embeddable":true,"href":"https:\/\/pasaenmendoza.com\/index.php?rest_route=\/wp\/v2\/media\/16037"}],"wp:attachment":[{"href":"https:\/\/pasaenmendoza.com\/index.php?rest_route=%2Fwp%2Fv2%2Fmedia&parent=16036"}],"wp:term":[{"taxonomy":"category","embeddable":true,"href":"https:\/\/pasaenmendoza.com\/index.php?rest_route=%2Fwp%2Fv2%2Fcategories&post=16036"},{"taxonomy":"post_tag","embeddable":true,"href":"https:\/\/pasaenmendoza.com\/index.php?rest_route=%2Fwp%2Fv2%2Ftags&post=16036"}],"curies":[{"name":"wp","href":"https:\/\/api.w.org\/{rel}","templated":true}]}}