{"id":16048,"date":"2025-12-11T13:33:19","date_gmt":"2025-12-11T12:33:19","guid":{"rendered":"https:\/\/pasaenmendoza.com\/?p=16048"},"modified":"2025-12-11T13:33:20","modified_gmt":"2025-12-11T12:33:20","slug":"lluvia-y-descenso-de-temperatura-asi-estara-el-tiempo-este-jueves-en-mendoza","status":"publish","type":"post","link":"https:\/\/pasaenmendoza.com\/?p=16048","title":{"rendered":"Lluvia y descenso de temperatura: as\u00ed estar\u00e1 el tiempo este jueves en Mendoza"},"content":{"rendered":"\n<p>El pron\u00f3stico para este jueves 11 de diciembre en Mendoza se\u00f1ala un cambio marcado en las condiciones meteorol\u00f3gicas, con cielo parcialmente nublado, descenso de la temperatura y la presencia de tormentas. La m\u00e1xima estimada es de 26 grados.<\/p>\n\n\n\n<p>Desde las primeras horas del d\u00eda, el tiempo se presenta inestable en el Este provincial, el Gran Mendoza y el Norte del Valle de Uco, con precipitaciones dispersas y vientos moderados del sudeste.<\/p>\n\n\n\n<p>Hacia media ma\u00f1ana se espera una mejora temporaria en el Este, aunque la inestabilidad continuar\u00e1 en el Oeste del Gran Mendoza. Desde las 16, el desarrollo convectivo avanzar\u00e1 desde el Sur hacia el Valle de Uco, generando tormentas de intensidad variable y la posibilidad de granizo aislado, principalmente en esta \u00faltima regi\u00f3n. Las condiciones adversas podr\u00edan mantenerse hasta la medianoche.<\/p>\n\n\n\n<p>Para el viernes 12, el pron\u00f3stico anticipa una recuperaci\u00f3n del tiempo, con cielo poco nublado, ascenso t\u00e9rmico y vientos del noreste. La temperatura m\u00e1xima rondar\u00e1 los 34 grados y la m\u00ednima se ubicar\u00e1 en 17. El s\u00e1bado 13 volver\u00e1n la inestabilidad y el calor: se prev\u00e9 nubosidad variable, tormentas aisladas y vientos del sur, con una m\u00e1xima estimada en 33 grados y una m\u00ednima de 20.<\/p>\n\n\n\n<p><strong>Fuente: www.elsol.com.ar<\/strong><\/p>\n","protected":false},"excerpt":{"rendered":"<p>El pron\u00f3stico para este jueves 11 de diciembre en Mendoza se\u00f1ala un cambio marcado en las condiciones meteorol\u00f3gicas, con cielo parcialmente nublado, descenso de la temperatura y la presencia de tormentas. La m\u00e1xima estimada es de 26 grados. Desde las primeras horas del d\u00eda, el tiempo se presenta inestable en el Este provincial, el Gran [&hellip;]<\/p>\n","protected":false},"author":2,"featured_media":16049,"comment_status":"open","ping_status":"open","sticky":false,"template":"","format":"standard","meta":[],"categories":[52],"tags":[],"_links":{"self":[{"href":"https:\/\/pasaenmendoza.com\/index.php?rest_route=\/wp\/v2\/posts\/16048"}],"collection":[{"href":"https:\/\/pasaenmendoza.com\/index.php?rest_route=\/wp\/v2\/posts"}],"about":[{"href":"https:\/\/pasaenmendoza.com\/index.php?rest_route=\/wp\/v2\/types\/post"}],"author":[{"embeddable":true,"href":"https:\/\/pasaenmendoza.com\/index.php?rest_route=\/wp\/v2\/users\/2"}],"replies":[{"embeddable":true,"href":"https:\/\/pasaenmendoza.com\/index.php?rest_route=%2Fwp%2Fv2%2Fcomments&post=16048"}],"version-history":[{"count":1,"href":"https:\/\/pasaenmendoza.com\/index.php?rest_route=\/wp\/v2\/posts\/16048\/revisions"}],"predecessor-version":[{"id":16050,"href":"https:\/\/pasaenmendoza.com\/index.php?rest_route=\/wp\/v2\/posts\/16048\/revisions\/16050"}],"wp:featuredmedia":[{"embeddable":true,"href":"https:\/\/pasaenmendoza.com\/index.php?rest_route=\/wp\/v2\/media\/16049"}],"wp:attachment":[{"href":"https:\/\/pasaenmendoza.com\/index.php?rest_route=%2Fwp%2Fv2%2Fmedia&parent=16048"}],"wp:term":[{"taxonomy":"category","embeddable":true,"href":"https:\/\/pasaenmendoza.com\/index.php?rest_route=%2Fwp%2Fv2%2Fcategories&post=16048"},{"taxonomy":"post_tag","embeddable":true,"href":"https:\/\/pasaenmendoza.com\/index.php?rest_route=%2Fwp%2Fv2%2Ftags&post=16048"}],"curies":[{"name":"wp","href":"https:\/\/api.w.org\/{rel}","templated":true}]}}