{"id":16055,"date":"2025-12-11T14:47:13","date_gmt":"2025-12-11T13:47:13","guid":{"rendered":"https:\/\/pasaenmendoza.com\/?p=16055"},"modified":"2025-12-11T14:47:14","modified_gmt":"2025-12-11T13:47:14","slug":"quieren-cambiar-las-multas-de-transito-por-trabajo-comunitario-en-mendoza","status":"publish","type":"post","link":"https:\/\/pasaenmendoza.com\/?p=16055","title":{"rendered":"Quieren cambiar las multas de tr\u00e1nsito por trabajo comunitario en Mendoza"},"content":{"rendered":"\n<p><strong>Las multas de tr\u00e1nsito podr\u00edan empezar a pagarse con trabajo comunitario en Mendoza.<\/strong>\u00a0Esa es la idea central del proyecto de ley presentado en la Legislatura por el diputado provincial\u00a0<strong>Germ\u00e1n G\u00f3mez<\/strong>, presidente del bloque del\u00a0<strong>Partido Justicialista (PJ)<\/strong>, que propone ofrecer una alternativa a quienes no pueden afrontar econ\u00f3micamente una sanci\u00f3n vial.<\/p>\n\n\n\n<p>La iniciativa busca reemplazar el pago en dinero por&nbsp;<strong>horas de tareas solidarias<\/strong>&nbsp;en organismos p\u00fablicos, municipios e instituciones sociales, de salud o comunitarias.&nbsp;<\/p>\n\n\n\n<p>&#8220;En Mendoza existen sanciones que superan largamente los 16 Salarios M\u00ednimos Vitales y M\u00f3viles. (&#8230;) Esos montos dejan de ser una sanci\u00f3n razonable y se transforman en un castigo inejecutable&#8221;, argumenta el texto.<\/p>\n\n\n\n<p>Seg\u00fan el proyecto legislativo, la opci\u00f3n ser\u00eda\u00a0<strong>directa y autom\u00e1tica<\/strong>: la persona infractora podr\u00eda elegir cambiar la multa por trabajo comunitario sin tr\u00e1mites adicionales, siempre que se verifique su\u00a0<strong>&#8220;imposibilidad econ\u00f3mica&#8221;<\/strong>\u00a0(ver m\u00e1s abajo), y la autoridad de control deber\u00eda aceptarlo sin discrecionalidad, excepto en situaciones concretas.<\/p>\n\n\n\n<p>\u00bfC\u00f3mo se convertir\u00edan las multas en horas?<\/p>\n\n\n\n<p>El proyecto establece una equivalencia entre el valor econ\u00f3mico de la infracci\u00f3n y la cantidad de horas a cumplir:<\/p>\n\n\n\n<p><strong>-Infracciones leves:<\/strong>&nbsp;1 hora de trabajo por cada&nbsp;<strong>4 %<\/strong>&nbsp;del valor total.<\/p>\n\n\n\n<p><strong>-Infracciones graves:<\/strong>\u00a01 hora por cada\u00a0<strong>3 %<\/strong>\u00a0de la multa.<\/p>\n\n\n\n<p><strong>-Infracciones muy graves:<\/strong>&nbsp;1 hora por cada&nbsp;<strong>2 %<\/strong>.<\/p>\n\n\n\n<p>En caso de&nbsp;<strong>reincidencia<\/strong>&nbsp;-si se repite una infracci\u00f3n similar dentro de los tres a\u00f1os- las horas asignadas podr\u00edan incrementarse hasta un&nbsp;<strong>25 %<\/strong>.<\/p>\n\n\n\n<p>\u00bfQu\u00e9 trabajos podr\u00edan realizarse?<\/p>\n\n\n\n<p>Las tareas se llevar\u00edan adelante en\u00a0<strong>espacios p\u00fablicos provinciales o municipales, hospitales, centros de rehabilitaci\u00f3n, organizaciones sociales o entidades comunitarias<\/strong>\u00a0reconocidas.<\/p>\n\n\n\n<p>&#8220;Imposibilidad econ\u00f3mica&#8221;: qui\u00e9nes podr\u00edan pagar con trabajo<\/p>\n\n\n\n<p>El r\u00e9gimen abarcar\u00eda todas las infracciones de tr\u00e1nsito provinciales, pero solo podr\u00edan acceder quienes&nbsp;<strong>tienen dificultades econ\u00f3micas reales<\/strong>&nbsp;para pagar.<\/p>\n\n\n\n<p>Para ser un &#8220;imposibilitado econ\u00f3mico&#8221; habr\u00eda que cumplir al menos uno de los siguientes criterios:<\/p>\n\n\n\n<p><strong>1.&nbsp;<\/strong>Tener ingresos iguales o menores a&nbsp;<strong>dos salarios m\u00ednimos<\/strong><\/p>\n\n\n\n<p><strong>2.\u00a0<\/strong>Tener un empleo informal, trabajo no registrado o subempleo<\/p>\n\n\n\n<p><strong>3.&nbsp;<\/strong>Estar desempleado<\/p>\n\n\n\n<p><strong>4.<\/strong>&nbsp;Estar inscripto en programas sociales o asistencia estatal<\/p>\n\n\n\n<p>El proyecto crea adem\u00e1s un&nbsp;<strong>Registro Provincial Digital de Trabajo Comunitario<\/strong>, donde quedar\u00eda asentado cada caso, las instituciones asignadas y las horas cumplidas. El sistema ser\u00eda p\u00fablico y auditable, con posibilidad de integrarse a los municipios que adhieran.<\/p>\n\n\n\n<p>Como condici\u00f3n indispensable, todas las personas que participen del r\u00e9gimen deber\u00e1n completar un\u00a0<strong>curso obligatorio de educaci\u00f3n vial<\/strong>, presencial o virtual.<\/p>\n\n\n\n<p>Una vez cumplidas y certificadas las horas, la\u00a0<strong>multa quedar\u00e1 cancelada totalmente<\/strong>. En caso de abandono injustificado, el beneficio puede revocarse y la sanci\u00f3n econ\u00f3mica volver\u00eda a estar vigente.<\/p>\n\n\n\n<p><strong>Fuente: www.mendozapost.com<\/strong><\/p>\n","protected":false},"excerpt":{"rendered":"<p>Las multas de tr\u00e1nsito podr\u00edan empezar a pagarse con trabajo comunitario en Mendoza.\u00a0Esa es la idea central del proyecto de ley presentado en la Legislatura por el diputado provincial\u00a0Germ\u00e1n G\u00f3mez, presidente del bloque del\u00a0Partido Justicialista (PJ), que propone ofrecer una alternativa a quienes no pueden afrontar econ\u00f3micamente una sanci\u00f3n vial. La iniciativa busca reemplazar el [&hellip;]<\/p>\n","protected":false},"author":2,"featured_media":16056,"comment_status":"open","ping_status":"open","sticky":false,"template":"","format":"standard","meta":[],"categories":[47],"tags":[],"_links":{"self":[{"href":"https:\/\/pasaenmendoza.com\/index.php?rest_route=\/wp\/v2\/posts\/16055"}],"collection":[{"href":"https:\/\/pasaenmendoza.com\/index.php?rest_route=\/wp\/v2\/posts"}],"about":[{"href":"https:\/\/pasaenmendoza.com\/index.php?rest_route=\/wp\/v2\/types\/post"}],"author":[{"embeddable":true,"href":"https:\/\/pasaenmendoza.com\/index.php?rest_route=\/wp\/v2\/users\/2"}],"replies":[{"embeddable":true,"href":"https:\/\/pasaenmendoza.com\/index.php?rest_route=%2Fwp%2Fv2%2Fcomments&post=16055"}],"version-history":[{"count":1,"href":"https:\/\/pasaenmendoza.com\/index.php?rest_route=\/wp\/v2\/posts\/16055\/revisions"}],"predecessor-version":[{"id":16057,"href":"https:\/\/pasaenmendoza.com\/index.php?rest_route=\/wp\/v2\/posts\/16055\/revisions\/16057"}],"wp:featuredmedia":[{"embeddable":true,"href":"https:\/\/pasaenmendoza.com\/index.php?rest_route=\/wp\/v2\/media\/16056"}],"wp:attachment":[{"href":"https:\/\/pasaenmendoza.com\/index.php?rest_route=%2Fwp%2Fv2%2Fmedia&parent=16055"}],"wp:term":[{"taxonomy":"category","embeddable":true,"href":"https:\/\/pasaenmendoza.com\/index.php?rest_route=%2Fwp%2Fv2%2Fcategories&post=16055"},{"taxonomy":"post_tag","embeddable":true,"href":"https:\/\/pasaenmendoza.com\/index.php?rest_route=%2Fwp%2Fv2%2Ftags&post=16055"}],"curies":[{"name":"wp","href":"https:\/\/api.w.org\/{rel}","templated":true}]}}