{"id":16064,"date":"2025-12-17T13:38:32","date_gmt":"2025-12-17T12:38:32","guid":{"rendered":"https:\/\/pasaenmendoza.com\/?p=16064"},"modified":"2025-12-17T13:38:33","modified_gmt":"2025-12-17T12:38:33","slug":"el-tiempo-en-mendoza-para-este-miercoles-arrancan-tres-dias-al-horno","status":"publish","type":"post","link":"https:\/\/pasaenmendoza.com\/?p=16064","title":{"rendered":"El tiempo en Mendoza para este mi\u00e9rcoles: arrancan tres d\u00edas al horno"},"content":{"rendered":"\n<p>La temperatura m\u00e1xima para esta jornada ascender\u00e1 a los 36 grados cent\u00edgrados, mientras que la m\u00ednima se ubicar\u00e1 en 18 grados cent\u00edgrados.<\/p>\n\n\n\n<p>Este jueves la m\u00e1xima ser\u00e1 similar y el viernes escalar\u00e1 a los 37 grados.<\/p>\n\n\n\n<p>Este mi\u00e9rcoles estar\u00e1 \u201ccaluroso y algo nublado, vientos moderados del este\u201d.<\/p>\n\n\n\n<p>Adem\u00e1s, se sentir\u00e1 viento Zonda en Malarg\u00fce.<\/p>\n\n\n\n<p>El tiempo en alta monta\u00f1a: poco nuboso en cordillera.<\/p>\n\n\n\n<p><strong>Fuente: www.elsol.coom.ar<\/strong><\/p>\n","protected":false},"excerpt":{"rendered":"<p>La temperatura m\u00e1xima para esta jornada ascender\u00e1 a los 36 grados cent\u00edgrados, mientras que la m\u00ednima se ubicar\u00e1 en 18 grados cent\u00edgrados. Este jueves la m\u00e1xima ser\u00e1 similar y el viernes escalar\u00e1 a los 37 grados. Este mi\u00e9rcoles estar\u00e1 \u201ccaluroso y algo nublado, vientos moderados del este\u201d. Adem\u00e1s, se sentir\u00e1 viento Zonda en Malarg\u00fce. El [&hellip;]<\/p>\n","protected":false},"author":2,"featured_media":16065,"comment_status":"open","ping_status":"open","sticky":false,"template":"","format":"standard","meta":[],"categories":[52],"tags":[],"_links":{"self":[{"href":"https:\/\/pasaenmendoza.com\/index.php?rest_route=\/wp\/v2\/posts\/16064"}],"collection":[{"href":"https:\/\/pasaenmendoza.com\/index.php?rest_route=\/wp\/v2\/posts"}],"about":[{"href":"https:\/\/pasaenmendoza.com\/index.php?rest_route=\/wp\/v2\/types\/post"}],"author":[{"embeddable":true,"href":"https:\/\/pasaenmendoza.com\/index.php?rest_route=\/wp\/v2\/users\/2"}],"replies":[{"embeddable":true,"href":"https:\/\/pasaenmendoza.com\/index.php?rest_route=%2Fwp%2Fv2%2Fcomments&post=16064"}],"version-history":[{"count":1,"href":"https:\/\/pasaenmendoza.com\/index.php?rest_route=\/wp\/v2\/posts\/16064\/revisions"}],"predecessor-version":[{"id":16066,"href":"https:\/\/pasaenmendoza.com\/index.php?rest_route=\/wp\/v2\/posts\/16064\/revisions\/16066"}],"wp:featuredmedia":[{"embeddable":true,"href":"https:\/\/pasaenmendoza.com\/index.php?rest_route=\/wp\/v2\/media\/16065"}],"wp:attachment":[{"href":"https:\/\/pasaenmendoza.com\/index.php?rest_route=%2Fwp%2Fv2%2Fmedia&parent=16064"}],"wp:term":[{"taxonomy":"category","embeddable":true,"href":"https:\/\/pasaenmendoza.com\/index.php?rest_route=%2Fwp%2Fv2%2Fcategories&post=16064"},{"taxonomy":"post_tag","embeddable":true,"href":"https:\/\/pasaenmendoza.com\/index.php?rest_route=%2Fwp%2Fv2%2Ftags&post=16064"}],"curies":[{"name":"wp","href":"https:\/\/api.w.org\/{rel}","templated":true}]}}