{"id":16070,"date":"2025-12-17T14:00:15","date_gmt":"2025-12-17T13:00:15","guid":{"rendered":"https:\/\/pasaenmendoza.com\/?p=16070"},"modified":"2025-12-17T14:00:16","modified_gmt":"2025-12-17T13:00:16","slug":"va-a-juicio-la-muerte-de-un-mendocino-en-san-luis","status":"publish","type":"post","link":"https:\/\/pasaenmendoza.com\/?p=16070","title":{"rendered":"Va a juicio la muerte de un mendocino en San Luis"},"content":{"rendered":"\n<p>La<strong>\u00a0Fiscal\u00eda de Instrucci\u00f3n 5<\/strong>\u00a0elev\u00f3 a\u00a0<strong>juicio<\/strong>\u00a0una causa relacionada con un\u00a0<strong>incendio<\/strong>\u00a0ocurrido en diciembre de 2020 en el\u00a0<strong>Servicio Penitenciario Provincial de San Luis<\/strong>, que result\u00f3 en la muerte de un interno oriundo de Mendoza.\u00a0<\/p>\n\n\n\n<p>El hecho se produjo el<strong>&nbsp;11 de diciembre de 2020<\/strong>, en la celda 2 del M\u00f3dulo 1, donde estaban alojados&nbsp;<strong>Luis Miguel Guti\u00e9rrez<\/strong>&nbsp;y&nbsp;<strong>Gast\u00f3n Ezequiel Escudero Allende<\/strong>, mendocino de 27 a\u00f1os.&nbsp;<\/p>\n\n\n\n<p><strong>Guti\u00e9rrez<\/strong>\u00a0habr\u00eda iniciado el incendio de forma intencional utilizando un colch\u00f3n, seg\u00fan destaca\u00a0<strong>&#8220;Diario La Rep\u00fablica&#8221;<\/strong>.\u00a0 \u00a0<\/p>\n\n\n\n<p>El fuego se propag\u00f3 r\u00e1pidamente, generando humo y gases t\u00f3xicos. Ambos internos sufrieron quemaduras y asfixia, siendo trasladados al Complejo Sanitario San Luis.&nbsp;<strong>Escudero Allende&nbsp;<\/strong>f<strong>alleci\u00f3 tres d\u00edas despu\u00e9s<\/strong>&nbsp;debido a asfixia por inhalaci\u00f3n de mon\u00f3xido de carbono.<\/p>\n\n\n\n<p>La investigaci\u00f3n se bas\u00f3 en testimonios de agentes penitenciarios y personal m\u00e9dico, as\u00ed como informes periciales y pruebas adicionales. La Fiscal\u00eda sostiene que\u00a0<strong>Guti\u00e9rrez actu\u00f3 con dolo eventual,<\/strong>\u00a0consciente de que su acci\u00f3n podr\u00eda causar la muerte de su compa\u00f1ero en un espacio cerrado.<\/p>\n\n\n\n<p><strong>Solicitaron una condena de 15 a\u00f1os de prisi\u00f3n<\/strong>\u00a0por homicidio simple con dolo eventual e incendio agravado. El Juzgado de Garant\u00eda 2 acept\u00f3 la solicitud de la Fiscal\u00eda y determin\u00f3 que la causa avance a juicio.\u00a0<strong>Escudero Allende, de Mendoza<\/strong>, estaba alojado en el penal desde marzo de 2020 por tenencia de drogas.<\/p>\n\n\n\n<p><strong>Fuente: www.mendozapost.com<\/strong><\/p>\n","protected":false},"excerpt":{"rendered":"<p>La\u00a0Fiscal\u00eda de Instrucci\u00f3n 5\u00a0elev\u00f3 a\u00a0juicio\u00a0una causa relacionada con un\u00a0incendio\u00a0ocurrido en diciembre de 2020 en el\u00a0Servicio Penitenciario Provincial de San Luis, que result\u00f3 en la muerte de un interno oriundo de Mendoza.\u00a0 El hecho se produjo el&nbsp;11 de diciembre de 2020, en la celda 2 del M\u00f3dulo 1, donde estaban alojados&nbsp;Luis Miguel Guti\u00e9rrez&nbsp;y&nbsp;Gast\u00f3n Ezequiel Escudero Allende, [&hellip;]<\/p>\n","protected":false},"author":2,"featured_media":16071,"comment_status":"open","ping_status":"open","sticky":false,"template":"","format":"standard","meta":[],"categories":[48],"tags":[],"_links":{"self":[{"href":"https:\/\/pasaenmendoza.com\/index.php?rest_route=\/wp\/v2\/posts\/16070"}],"collection":[{"href":"https:\/\/pasaenmendoza.com\/index.php?rest_route=\/wp\/v2\/posts"}],"about":[{"href":"https:\/\/pasaenmendoza.com\/index.php?rest_route=\/wp\/v2\/types\/post"}],"author":[{"embeddable":true,"href":"https:\/\/pasaenmendoza.com\/index.php?rest_route=\/wp\/v2\/users\/2"}],"replies":[{"embeddable":true,"href":"https:\/\/pasaenmendoza.com\/index.php?rest_route=%2Fwp%2Fv2%2Fcomments&post=16070"}],"version-history":[{"count":1,"href":"https:\/\/pasaenmendoza.com\/index.php?rest_route=\/wp\/v2\/posts\/16070\/revisions"}],"predecessor-version":[{"id":16072,"href":"https:\/\/pasaenmendoza.com\/index.php?rest_route=\/wp\/v2\/posts\/16070\/revisions\/16072"}],"wp:featuredmedia":[{"embeddable":true,"href":"https:\/\/pasaenmendoza.com\/index.php?rest_route=\/wp\/v2\/media\/16071"}],"wp:attachment":[{"href":"https:\/\/pasaenmendoza.com\/index.php?rest_route=%2Fwp%2Fv2%2Fmedia&parent=16070"}],"wp:term":[{"taxonomy":"category","embeddable":true,"href":"https:\/\/pasaenmendoza.com\/index.php?rest_route=%2Fwp%2Fv2%2Fcategories&post=16070"},{"taxonomy":"post_tag","embeddable":true,"href":"https:\/\/pasaenmendoza.com\/index.php?rest_route=%2Fwp%2Fv2%2Ftags&post=16070"}],"curies":[{"name":"wp","href":"https:\/\/api.w.org\/{rel}","templated":true}]}}