{"id":16073,"date":"2025-12-17T14:41:09","date_gmt":"2025-12-17T13:41:09","guid":{"rendered":"https:\/\/pasaenmendoza.com\/?p=16073"},"modified":"2025-12-17T14:41:10","modified_gmt":"2025-12-17T13:41:10","slug":"paro-de-controladores-aereos-que-vuelos-se-vieron-afectados-en-mendoza","status":"publish","type":"post","link":"https:\/\/pasaenmendoza.com\/?p=16073","title":{"rendered":"Paro de controladores a\u00e9reos: que vuelos se vieron afectados en Mendoza"},"content":{"rendered":"\n<p>\u00a0A partir de este<strong>\u00a0mi\u00e9rcoles 17 de diciembre<\/strong>,\u00a0<strong>Mendoza<\/strong>\u00a0y otras regiones de Argentina enfrentar\u00e1n\u00a0<strong>paros\u00a0de controladores a\u00e9reos\u00a0<\/strong>que afectar\u00e1n tanto los\u00a0<strong>vuelos<\/strong>\u00a0nacionales como internacionales.\u00a0<\/p>\n\n\n\n<p>La<strong>\u00a0Asociaci\u00f3n T\u00e9cnicos y Empleados de Protecci\u00f3n y Seguridad a la Aeronavegaci\u00f3n (Atepsa)<\/strong>\u00a0decidi\u00f3 intensificar sus medidas de fuerza tras la falta de acuerdos con la\u00a0<strong>Empresa Argentina de Navegaci\u00f3n A\u00e9rea (EANA).<\/strong><\/p>\n\n\n\n<p>Las restricciones se centrar\u00e1n en las autorizaciones de aeronaves en tierra, lo que significa que no se recibir\u00e1n ni transmitir\u00e1n planes de vuelo durante los horarios de paro, aunque se permitir\u00e1n operaciones de emergencia, como servicios sanitarios y de b\u00fasqueda y rescate.<\/p>\n\n\n\n<p>Las razones detr\u00e1s de estas medidas incluyen la reincorporaci\u00f3n de trabajadores despedidos sin causa y la revisi\u00f3n de acuerdos relacionados con salarios y operativa. Atepsa ha se\u00f1alado que la situaci\u00f3n se ha vuelto insostenible, requiriendo m\u00faltiples trabajos para que los empleados puedan subsistir.<\/p>\n\n\n\n<p>\u00a0La EANA manifest\u00f3 su disposici\u00f3n a continuar el di\u00e1logo y ha solicitado a la Secretar\u00eda de Trabajo una nueva audiencia para resolver el conflicto y mitigar el impacto en los pasajeros. Este paro es parte de una serie de interrupciones anteriores que ya hab\u00edan afectado la aviaci\u00f3n de carga a finales de noviembre.\u00a0<\/p>\n\n\n\n<p><strong>Vuelos en Mendoza<\/strong><\/p>\n\n\n\n<p>En Mendoza, la situaci\u00f3n provoc\u00f3 retrasos en varios vuelos desde el\u00a0<strong>Aeropuerto El Plumerillo.<\/strong>\u00a0Se vieron afectados, por ejemplo, un vuelo de JetSmart con salida a las 8:50 hacia Aeroparque, as\u00ed como dos vuelos de Aerol\u00edneas Argentinas programados para las 9:50 con destino a Salta y a las 10:05 con rumbo a C\u00f3rdoba. Adem\u00e1s, un vuelo de Aerol\u00edneas Argentinas que llegaba desde Aeroparque a las 9:00 tambi\u00e9n ha experimentado demoras.<\/p>\n\n\n\n<p><strong>Cronograma de paros<\/strong><\/p>\n\n\n\n<p><strong>-Mi\u00e9rcoles 17 de diciembre, de 8 a 11 horas:&nbsp;<\/strong>Afectaci\u00f3n de los despegues de vuelos con destino nacional.<\/p>\n\n\n\n<p><strong>-Jueves 18 de diciembre, de 16 a 19 horas:<\/strong>&nbsp;Afectaci\u00f3n de los despegues de vuelos con destino nacional.<\/p>\n\n\n\n<p><strong>-Martes 23 de diciembre, de 19 a 23 horas:&nbsp;<\/strong>Afectaci\u00f3n de los despegues de vuelos con destino nacional.<\/p>\n\n\n\n<p><strong>-S\u00e1bado 27 de diciembre, de 14 a 17 horas:<\/strong>&nbsp;Afectaci\u00f3n de vuelos con destino internacional en todos los aeropuertos del pa\u00eds.<\/p>\n\n\n\n<p><strong>-Lunes 29 de diciembre, de 8 a 11 horas:\u00a0<\/strong>Afectaci\u00f3n a toda la aviaci\u00f3n en todos los aeropuertos del pa\u00eds.\u00a0<\/p>\n\n\n\n<p><strong>Fuente: www.mendozapost.com<\/strong><\/p>\n","protected":false},"excerpt":{"rendered":"<p>\u00a0A partir de este\u00a0mi\u00e9rcoles 17 de diciembre,\u00a0Mendoza\u00a0y otras regiones de Argentina enfrentar\u00e1n\u00a0paros\u00a0de controladores a\u00e9reos\u00a0que afectar\u00e1n tanto los\u00a0vuelos\u00a0nacionales como internacionales.\u00a0 La\u00a0Asociaci\u00f3n T\u00e9cnicos y Empleados de Protecci\u00f3n y Seguridad a la Aeronavegaci\u00f3n (Atepsa)\u00a0decidi\u00f3 intensificar sus medidas de fuerza tras la falta de acuerdos con la\u00a0Empresa Argentina de Navegaci\u00f3n A\u00e9rea (EANA). Las restricciones se centrar\u00e1n en las autorizaciones [&hellip;]<\/p>\n","protected":false},"author":2,"featured_media":16074,"comment_status":"open","ping_status":"open","sticky":false,"template":"","format":"standard","meta":[],"categories":[50],"tags":[],"_links":{"self":[{"href":"https:\/\/pasaenmendoza.com\/index.php?rest_route=\/wp\/v2\/posts\/16073"}],"collection":[{"href":"https:\/\/pasaenmendoza.com\/index.php?rest_route=\/wp\/v2\/posts"}],"about":[{"href":"https:\/\/pasaenmendoza.com\/index.php?rest_route=\/wp\/v2\/types\/post"}],"author":[{"embeddable":true,"href":"https:\/\/pasaenmendoza.com\/index.php?rest_route=\/wp\/v2\/users\/2"}],"replies":[{"embeddable":true,"href":"https:\/\/pasaenmendoza.com\/index.php?rest_route=%2Fwp%2Fv2%2Fcomments&post=16073"}],"version-history":[{"count":1,"href":"https:\/\/pasaenmendoza.com\/index.php?rest_route=\/wp\/v2\/posts\/16073\/revisions"}],"predecessor-version":[{"id":16075,"href":"https:\/\/pasaenmendoza.com\/index.php?rest_route=\/wp\/v2\/posts\/16073\/revisions\/16075"}],"wp:featuredmedia":[{"embeddable":true,"href":"https:\/\/pasaenmendoza.com\/index.php?rest_route=\/wp\/v2\/media\/16074"}],"wp:attachment":[{"href":"https:\/\/pasaenmendoza.com\/index.php?rest_route=%2Fwp%2Fv2%2Fmedia&parent=16073"}],"wp:term":[{"taxonomy":"category","embeddable":true,"href":"https:\/\/pasaenmendoza.com\/index.php?rest_route=%2Fwp%2Fv2%2Fcategories&post=16073"},{"taxonomy":"post_tag","embeddable":true,"href":"https:\/\/pasaenmendoza.com\/index.php?rest_route=%2Fwp%2Fv2%2Ftags&post=16073"}],"curies":[{"name":"wp","href":"https:\/\/api.w.org\/{rel}","templated":true}]}}