{"id":16079,"date":"2025-12-18T16:30:43","date_gmt":"2025-12-18T15:30:43","guid":{"rendered":"https:\/\/pasaenmendoza.com\/?p=16079"},"modified":"2025-12-18T16:30:44","modified_gmt":"2025-12-18T15:30:44","slug":"un-motociclista-murio-luego-de-un-choque-en-godoy-cruz","status":"publish","type":"post","link":"https:\/\/pasaenmendoza.com\/?p=16079","title":{"rendered":"Un motociclista muri\u00f3 luego de un choque en Godoy Cruz"},"content":{"rendered":"\n<p>Un motociclista de 46 a\u00f1os que hab\u00eda chocado contra una camioneta durante la tarde del mi\u00e9rcoles en Godoy Cruz, no logr\u00f3 sobrevivir a sus lesiones y falleci\u00f3 en el Hospital Central.<\/p>\n\n\n\n<p>El accidente ocurri\u00f3 minutos despu\u00e9s de las 16.30, cuando Leonardo Dami\u00e1n S\u00e1nchez circulaba en su moto Raider y en el cruce entre Italia e Ituzaing\u00f3 colision\u00f3 contra una Volkswagen Amarok conducida por otro hombre de 25, por motivos que se investigan.<\/p>\n\n\n\n<p>El que se llev\u00f3 la peor parte fue el motociclista que, en principio, fue asistido en el lugar y derivado posteriormente al Central con diagn\u00f3stico de TEC grave. El conductor de la Amarok no sufri\u00f3 lesiones.<\/p>\n\n\n\n<p>Posteriormente, desde el centro asistencial confimaron que, por la gravedad de las lesiones, el motociclista no logr\u00f3 sobrevivir.<\/p>\n\n\n\n<p><strong>Fuente: www.elsol.com.ar<\/strong><\/p>\n","protected":false},"excerpt":{"rendered":"<p>Un motociclista de 46 a\u00f1os que hab\u00eda chocado contra una camioneta durante la tarde del mi\u00e9rcoles en Godoy Cruz, no logr\u00f3 sobrevivir a sus lesiones y falleci\u00f3 en el Hospital Central. El accidente ocurri\u00f3 minutos despu\u00e9s de las 16.30, cuando Leonardo Dami\u00e1n S\u00e1nchez circulaba en su moto Raider y en el cruce entre Italia e [&hellip;]<\/p>\n","protected":false},"author":2,"featured_media":16080,"comment_status":"open","ping_status":"open","sticky":false,"template":"","format":"standard","meta":[],"categories":[48],"tags":[],"_links":{"self":[{"href":"https:\/\/pasaenmendoza.com\/index.php?rest_route=\/wp\/v2\/posts\/16079"}],"collection":[{"href":"https:\/\/pasaenmendoza.com\/index.php?rest_route=\/wp\/v2\/posts"}],"about":[{"href":"https:\/\/pasaenmendoza.com\/index.php?rest_route=\/wp\/v2\/types\/post"}],"author":[{"embeddable":true,"href":"https:\/\/pasaenmendoza.com\/index.php?rest_route=\/wp\/v2\/users\/2"}],"replies":[{"embeddable":true,"href":"https:\/\/pasaenmendoza.com\/index.php?rest_route=%2Fwp%2Fv2%2Fcomments&post=16079"}],"version-history":[{"count":1,"href":"https:\/\/pasaenmendoza.com\/index.php?rest_route=\/wp\/v2\/posts\/16079\/revisions"}],"predecessor-version":[{"id":16081,"href":"https:\/\/pasaenmendoza.com\/index.php?rest_route=\/wp\/v2\/posts\/16079\/revisions\/16081"}],"wp:featuredmedia":[{"embeddable":true,"href":"https:\/\/pasaenmendoza.com\/index.php?rest_route=\/wp\/v2\/media\/16080"}],"wp:attachment":[{"href":"https:\/\/pasaenmendoza.com\/index.php?rest_route=%2Fwp%2Fv2%2Fmedia&parent=16079"}],"wp:term":[{"taxonomy":"category","embeddable":true,"href":"https:\/\/pasaenmendoza.com\/index.php?rest_route=%2Fwp%2Fv2%2Fcategories&post=16079"},{"taxonomy":"post_tag","embeddable":true,"href":"https:\/\/pasaenmendoza.com\/index.php?rest_route=%2Fwp%2Fv2%2Ftags&post=16079"}],"curies":[{"name":"wp","href":"https:\/\/api.w.org\/{rel}","templated":true}]}}