{"id":1608,"date":"2023-09-21T13:49:02","date_gmt":"2023-09-21T11:49:02","guid":{"rendered":"https:\/\/pasaenmendoza.com\/?p=1608"},"modified":"2023-09-21T14:15:41","modified_gmt":"2023-09-21T12:15:41","slug":"el-mendocino-que-es-uno-de-los-que-milei-veta-y-no-quiere-cruzarse","status":"publish","type":"post","link":"https:\/\/pasaenmendoza.com\/?p=1608","title":{"rendered":"El mendocino que es uno de los que Milei veta y no quiere cruzarse"},"content":{"rendered":"\n<p>Se conocieron m\u00e1s detalles del veto que impuso Javier Milei a otros invitados al programa &#8220;Solo una vuelta m\u00e1s&#8221; de TN, que conduce Diego Sehinkman. El periodista cont\u00f3 que insult\u00f3 en su mensaje a la Producci\u00f3n a los otros convocados al estudio de TV.<\/p>\n\n\n\n<p><strong>El mendocino Luis Petri es uno de los dirigentes con los que Javier Milei se niega a cruzarse en los pasillos de&nbsp;<em>TN<\/em>, ni siquiera en el estudio de TV.&nbsp;<\/strong>As\u00ed lo cont\u00f3 el periodista&nbsp;<strong>Diego Sehinkman<\/strong>, conductor de &#8220;Solo una vuelta m\u00e1s&#8221;, programa al que el candidato presidencial anarcocapitalista se neg\u00f3 a ir si no bajaban a los otros invitados.&nbsp;<strong>El conductor aclar\u00f3, adem\u00e1s, que no pens\u00f3 nunca en hacer debatir a Milei con Juan Jos\u00e9 Campanella, &#8220;porque no es el estilo del programa hacer debates entre los asistentes&#8221;.<\/strong><\/p>\n\n\n\n<p>En un tuit, el candidato a vicepresidente de Patricia Bullrich consider\u00f3 &#8220;grav\u00edsimo&#8221; el derecho a veto que se arroga Milei.<\/p>\n\n\n\n<p>&#8220;Es grav\u00edsimo que Javier Milei&nbsp;haya intentado censurar mi presencia y la de otros invitados en el programa de&nbsp;<em>TN&nbsp;<\/em>&#8216;S\u00f3lo una vuelta m\u00e1s&#8217; y, no conforme con eso, haya proferido&nbsp;<strong>insultos contra mi persona y la de los otros asistentes en forma cobarde a trav\u00e9s de mensajes a la producci\u00f3n<\/strong>&#8220;, dijo Petri.&nbsp;<\/p>\n\n\n\n<p>Adem\u00e1s agradeci\u00f3 a Sehinkman por &#8220;s<strong>u defensa de la libertad de expresi\u00f3n<\/strong>&nbsp;y que no haya cedido a que le revisen la lista de invitados, un acto que en s\u00ed mismo es una r\u00e9mora de tiempos nefastos&#8221;.&nbsp;<\/p>\n\n\n\n<p>&#8220;<strong>Le exijo a Javier Milei el respeto a la convivencia democr\u00e1tica<\/strong>. No volvamos a las listas negras a 40 a\u00f1os de recuperar la democracia. Los que aspiramos a gobernar el pa\u00eds debemos dar el ejemplo de respeto a los valores democr\u00e1ticos&#8221;, coron\u00f3 el dirigente mendocino.<\/p>\n\n\n\n<p>Por supuesto, Campanella fue uno de los &#8220;negados&#8221; por Milei, pero anoche se dio a conocer al resto de los vetados:&nbsp;<strong>adem\u00e1s de Luis Petri, el fil\u00f3sofo Santiago Kovadloff,&nbsp;el analista pol\u00edtico Andr\u00e9s Malamud y el periodista deportivo Gonzalo Bonadeo.<\/strong><\/p>\n\n\n\n<p>&#8220;\u00bfCu\u00e1l es la incomodidad que se le produce a Milei, que pretende ser presidente y enfrentar mafias, corporaciones y casta, con convivir en un espacio donde va a salir por zoom Malamud, que a veces lo convalid\u00f3 y otras no, Kovadloff&#8230;?&#8221;, se pregunt\u00f3 Sehinkman.<\/p>\n\n\n\n<p>Luego de destacar que&nbsp;<strong>&#8220;la libertad es que cada uno haga lo que quiera cuando recibe una invitaci\u00f3n&#8221;<\/strong>, puso la lupa sobre un punto cr\u00edtico: la revisi\u00f3n de listas.<\/p>\n\n\n\n<p>&#8220;No pasa nada con no venir. \u00bfD\u00f3nde s\u00ed pasa algo? Pasa algo con empezar a revisar una lista, porque evoca lo peor de la historia argentina. La revisi\u00f3n de listas no es un buen s\u00edntoma&#8221;, se\u00f1al\u00f3 el conductor televisivo, escritor y psic\u00f3logo.<\/p>\n\n\n\n<p>En ese sentido, alert\u00f3 que &#8220;todas las personas tienen genes autoritarios&#8221; que pueden activarse &#8220;en determinado contexto&#8221;, como el actual, con &#8220;mucha disconformidad y bronca&#8221;.<\/p>\n\n\n\n<p>&#8220;Por eso es nuestro deber advertir que no tenemos que dejar pasar revisiones injustas de listas de invitados&#8221;, redobl\u00f3 su cuestionamiento principal contra Milei.<\/p>\n\n\n\n<p>Tras revelar la lista de los invitados a los que insult\u00f3 el candidato presidencial cuando fue informado de sus presencias&#8221;, Sehinkman dijo:&nbsp;<strong>&#8220;\u00bfC\u00f3mo va a hacer Milei si quiere enfrentar corporaciones, mafias, castas, si va a ir al Congreso a negociar, si pretende hacer reformas contundentes, estructurales al estilo Menem?&#8221;.<\/strong><\/p>\n\n\n\n<p>Ya sobre el \u00faltimo tramo, en sinton\u00eda con las palabras que pronunci\u00f3 el lunes al revelar la pol\u00e9mica situaci\u00f3n,&nbsp;<strong>compar\u00f3 a Milei con el kirchnerismo<\/strong>.<\/p>\n\n\n\n<p>&#8220;Si no, empezamos con la etiqueta f\u00e1cil: pasamos del &#8216;esbirro de&#8217; al &#8216;ensobrado de&#8217;. Largamos ac\u00e1 y llegamos ac\u00e1. No hicimos un espectacular giro de 360 grados. Estamos en el mismo lugar en donde nos dej\u00f3 el kirchnerismo, atac\u00e1ndote desde lo m\u00e1s alto del poder&#8221;, alert\u00f3 Sehinkman.<\/p>\n\n\n\n<p>&#8220;Si Milei o quien sea, porque yo no tengo nada en contra de Javier, empieza a implantar en la conversaci\u00f3n p\u00fablica &#8216;mierdas&#8217;, &#8216;zurdos&#8217;, &#8216;ensobrados&#8217;, empieza a pudrirla&#8230; Y, como se dice habitualmente, la pradera est\u00e1 demasiado seca&#8221;, retom\u00f3 su preocupaci\u00f3n por el &#8220;gen autoritario&#8221;.<\/p>\n\n\n\n<p>&#8220;Esto es lo que tengo para decir desde ac\u00e1. No hubo emboscada&#8221;, remarc\u00f3 el periodista.<\/p>\n\n\n\n<p>FUENTE: memo.com.ar<\/p>\n","protected":false},"excerpt":{"rendered":"<p>Se conocieron m\u00e1s detalles del veto que impuso Javier Milei a otros invitados al programa &#8220;Solo una vuelta m\u00e1s&#8221; de TN, que conduce Diego Sehinkman. El periodista cont\u00f3 que insult\u00f3 en su mensaje a la Producci\u00f3n a los otros convocados al estudio de TV. El mendocino Luis Petri es uno de los dirigentes con los [&hellip;]<\/p>\n","protected":false},"author":2,"featured_media":1609,"comment_status":"open","ping_status":"open","sticky":true,"template":"","format":"standard","meta":[],"categories":[47],"tags":[],"_links":{"self":[{"href":"https:\/\/pasaenmendoza.com\/index.php?rest_route=\/wp\/v2\/posts\/1608"}],"collection":[{"href":"https:\/\/pasaenmendoza.com\/index.php?rest_route=\/wp\/v2\/posts"}],"about":[{"href":"https:\/\/pasaenmendoza.com\/index.php?rest_route=\/wp\/v2\/types\/post"}],"author":[{"embeddable":true,"href":"https:\/\/pasaenmendoza.com\/index.php?rest_route=\/wp\/v2\/users\/2"}],"replies":[{"embeddable":true,"href":"https:\/\/pasaenmendoza.com\/index.php?rest_route=%2Fwp%2Fv2%2Fcomments&post=1608"}],"version-history":[{"count":2,"href":"https:\/\/pasaenmendoza.com\/index.php?rest_route=\/wp\/v2\/posts\/1608\/revisions"}],"predecessor-version":[{"id":1620,"href":"https:\/\/pasaenmendoza.com\/index.php?rest_route=\/wp\/v2\/posts\/1608\/revisions\/1620"}],"wp:featuredmedia":[{"embeddable":true,"href":"https:\/\/pasaenmendoza.com\/index.php?rest_route=\/wp\/v2\/media\/1609"}],"wp:attachment":[{"href":"https:\/\/pasaenmendoza.com\/index.php?rest_route=%2Fwp%2Fv2%2Fmedia&parent=1608"}],"wp:term":[{"taxonomy":"category","embeddable":true,"href":"https:\/\/pasaenmendoza.com\/index.php?rest_route=%2Fwp%2Fv2%2Fcategories&post=1608"},{"taxonomy":"post_tag","embeddable":true,"href":"https:\/\/pasaenmendoza.com\/index.php?rest_route=%2Fwp%2Fv2%2Ftags&post=1608"}],"curies":[{"name":"wp","href":"https:\/\/api.w.org\/{rel}","templated":true}]}}