{"id":16082,"date":"2025-12-18T16:41:03","date_gmt":"2025-12-18T15:41:03","guid":{"rendered":"https:\/\/pasaenmendoza.com\/?p=16082"},"modified":"2025-12-18T16:41:04","modified_gmt":"2025-12-18T15:41:04","slug":"un-hombre-habria-incendiado-su-casa-en-el-barrio-municipal","status":"publish","type":"post","link":"https:\/\/pasaenmendoza.com\/?p=16082","title":{"rendered":"Un hombre habr\u00eda incendiado su casa en el barrio Municipal"},"content":{"rendered":"\n<p>Durante la\u00a0<strong>madrugada de este jueves,<\/strong>\u00a0se registr\u00f3 un\u00a0<strong>incendio<\/strong>\u00a0en una vivienda ubicada en la intersecci\u00f3n de\u00a0<strong>A. Argentina y R\u00edo Diamante<\/strong>, en el Barrio Municipal de\u00a0<strong>Las Heras<\/strong>.\u00a0<\/p>\n\n\n\n<p>Seg\u00fan los primeros informes, un hombre se habr\u00eda alcoholizado y prendi\u00f3 fuego su propia casa. Posteriormente, el individuo se retir\u00f3 al garaje de la vivienda para dormir.\u00a0<\/p>\n\n\n\n<p>El&nbsp;<strong>incendio<\/strong>&nbsp;fue provocado por el<strong>&nbsp;hijo de 42 a\u00f1os del propietario<\/strong>&nbsp;de la vivienda, quien&nbsp;<strong>presenta problemas de adicciones y de salud mental<\/strong>. El padre sali\u00f3 de la casa para llamar a la polic\u00eda, momento en el cual su hijo prendi\u00f3 fuego la vivienda.&nbsp;<\/p>\n\n\n\n<p>Desde<strong>\u00a0Bomberos de Las Heras<\/strong>\u00a0informaron que las afectaciones en la vivienda fueron totales, ya que se quemaron partes de la misma.\u00a0<\/p>\n\n\n\n<p>Durante el operativo, efectivos rescataron a una persona que se encontraba inconsciente en el interior de la vivienda. El personal de Bomberos de Cuartel Central solicit\u00f3 una ambulancia en el momento.<\/p>\n\n\n\n<p>Lograron reanimar a la persona inconsciente, quien fue trasladada al&nbsp;<strong>Hospital Lagomaggiore<\/strong>&nbsp;por el&nbsp;<strong>Servicio de Emergencias Coordinado (SEC).&nbsp;<\/strong><\/p>\n\n\n\n<p>Los bomberos tambi\u00e9n informaron que el siniestro fue sofocado,&nbsp;<strong>afectando tres ambientes de la vivienda<\/strong>. Finalmente, el personal se retir\u00f3 del lugar tras concluir las tareas de control.&nbsp;<\/p>\n\n\n\n<p>Autoridades contin\u00faan investigando las circunstancias del incendio.<\/p>\n\n\n\n<p><strong>Fuente: www.mendozapost.com<\/strong><\/p>\n","protected":false},"excerpt":{"rendered":"<p>Durante la\u00a0madrugada de este jueves,\u00a0se registr\u00f3 un\u00a0incendio\u00a0en una vivienda ubicada en la intersecci\u00f3n de\u00a0A. Argentina y R\u00edo Diamante, en el Barrio Municipal de\u00a0Las Heras.\u00a0 Seg\u00fan los primeros informes, un hombre se habr\u00eda alcoholizado y prendi\u00f3 fuego su propia casa. Posteriormente, el individuo se retir\u00f3 al garaje de la vivienda para dormir.\u00a0 El&nbsp;incendio&nbsp;fue provocado por el&nbsp;hijo [&hellip;]<\/p>\n","protected":false},"author":2,"featured_media":16083,"comment_status":"open","ping_status":"open","sticky":false,"template":"","format":"standard","meta":[],"categories":[48],"tags":[],"_links":{"self":[{"href":"https:\/\/pasaenmendoza.com\/index.php?rest_route=\/wp\/v2\/posts\/16082"}],"collection":[{"href":"https:\/\/pasaenmendoza.com\/index.php?rest_route=\/wp\/v2\/posts"}],"about":[{"href":"https:\/\/pasaenmendoza.com\/index.php?rest_route=\/wp\/v2\/types\/post"}],"author":[{"embeddable":true,"href":"https:\/\/pasaenmendoza.com\/index.php?rest_route=\/wp\/v2\/users\/2"}],"replies":[{"embeddable":true,"href":"https:\/\/pasaenmendoza.com\/index.php?rest_route=%2Fwp%2Fv2%2Fcomments&post=16082"}],"version-history":[{"count":1,"href":"https:\/\/pasaenmendoza.com\/index.php?rest_route=\/wp\/v2\/posts\/16082\/revisions"}],"predecessor-version":[{"id":16084,"href":"https:\/\/pasaenmendoza.com\/index.php?rest_route=\/wp\/v2\/posts\/16082\/revisions\/16084"}],"wp:featuredmedia":[{"embeddable":true,"href":"https:\/\/pasaenmendoza.com\/index.php?rest_route=\/wp\/v2\/media\/16083"}],"wp:attachment":[{"href":"https:\/\/pasaenmendoza.com\/index.php?rest_route=%2Fwp%2Fv2%2Fmedia&parent=16082"}],"wp:term":[{"taxonomy":"category","embeddable":true,"href":"https:\/\/pasaenmendoza.com\/index.php?rest_route=%2Fwp%2Fv2%2Fcategories&post=16082"},{"taxonomy":"post_tag","embeddable":true,"href":"https:\/\/pasaenmendoza.com\/index.php?rest_route=%2Fwp%2Fv2%2Ftags&post=16082"}],"curies":[{"name":"wp","href":"https:\/\/api.w.org\/{rel}","templated":true}]}}