{"id":1611,"date":"2023-09-21T13:57:02","date_gmt":"2023-09-21T11:57:02","guid":{"rendered":"https:\/\/pasaenmendoza.com\/?p=1611"},"modified":"2023-09-21T13:57:03","modified_gmt":"2023-09-21T11:57:03","slug":"los-favoritos-y-las-sorpresas-en-las-comunas-para-las-elecciones-del-domingo","status":"publish","type":"post","link":"https:\/\/pasaenmendoza.com\/?p=1611","title":{"rendered":"Los favoritos y las sorpresas en las comunas para las elecciones del domingo"},"content":{"rendered":"\n<p>El domingo, adem\u00e1s de las elecciones para gobernador y vice y la Legislatura se vota en 11 departamentos intendentes y concejales. D\u00f3nde puede haber cambio de color pol\u00edtico y cu\u00e1l es el panorama para para las comunas mendocinas.<\/p>\n\n\n\n<p>En 7 de los 18 departamentos, ya hubo\u00a0<strong>elecciones<\/strong>\u00a0generales. En los restantes 11 habr\u00e1 este domingo 24 junto con la<strong>\u00a0elecci\u00f3n\u00a0<\/strong>a gobernador y vice y la mitad de la Legislatura. De acuerdo a lo que dicen la mayor\u00eda de las encuestas, no se espera grandes cambios en la conducci\u00f3n de las\u00a0<strong>comunas\u00a0<\/strong>en general pero s\u00ed podr\u00eda haber algunas sorpresas. Se cree, que por ejemplo, en Malarg\u00fce podr\u00eda ganar el ex gobernador peronista Celso Jaque quien ya gan\u00f3 la primaria y por lo tanto el radical Juan Manuel Ojeda no lograr\u00eda la reelecci\u00f3n, aunque nada est\u00e1 dicho. En Rivadavia, habr\u00e1 una pelea cuerpo a cuerpo entre\u00a0Mauricio Di C\u00e9sare\u00a0que es el candidato del Frente Cambia Mendoza y el candidato de Sembrar, el exi<strong>ntendente\u00a0<\/strong>Ricardo Mansur.\u00a0En Las Heras las expectativas est\u00e1n puesta en si Daniel Orozco retiene la\u00a0<strong>comuna<\/strong>\u00a0en manos de su candidato Mart\u00edn Bustos (La Uni\u00f3n Mendocina) o si gana el candidato de Cambia Mendoza Francisco\u00a0LoPresti.<\/p>\n\n\n\n<p>Las novedades de acuerdo a las fuentes de diferentes frentes pol\u00edticos podr\u00edan venir desde el Sur y desde el Este. Jaque que sac\u00f3 5.000 votos en la primaria del 11 de junio habr\u00eda crecido, a diferencia de lo que se vaticin\u00f3 y ser\u00eda el candidato. \u201cPara nosotros ya gan\u00f3 Jaque\u201d, aseguran desde su entorno. Sin embargo, la pol\u00edtica es como el f\u00fatbol, hasta que no termina el partido- le\u00e1se las\u00a0<strong>elecciones<\/strong>&#8211; no hay ning\u00fan ganador y adem\u00e1s algunos sectores del oficialismo advierten que como Ojeda por cuestiones personales no pudo hacer campa\u00f1a en las primarias, ahora podr\u00eda revertirse la tendencia, porque es el actual\u00a0i<strong>ntendente<\/strong>\u00a0y lleva las de ganar. De todas maneras si gana Jaque, para el peronismo ser\u00eda un golazo: en una\u00a0<strong>elecci\u00f3n<\/strong>\u00a0provincial que estiman volver\u00e1n a salir terceros, con representantes en la Legislatura que no ser\u00e1 la cantidad acostumbrada, pasar de tener 6 comunas a conducir 7, ser\u00e1 un resultado muy bueno, enmedio de la polarizaci\u00f3n que se anticipa en los comicios\u00a0entre Cambia Mendoza y La Uni\u00f3n Mendoza.<\/p>\n\n\n\n<p>Si nos vamos al Este, aqu\u00ed tambi\u00e9n puede haber cambios o mejor dicho una gran disputa cuerpo a cuerpo. Mansur, ex<strong>intendente<\/strong>\u00a0radical que se pele\u00f3 con sus exsocios pol\u00edticos departamentales, ahora es concejal por el partido\u00a0<strong>comunal\u00a0<\/strong>Sembrar. Hizo una fuerte campa\u00f1a que lo llev\u00f3 a ser el\u00a0m\u00e1s votado en las PASO (primarias abiertas simult\u00e1neas y obligatorias) aunque el Frente Cambia Mendoza fue quien m\u00e1s consigui\u00f3 m\u00e1s sufragios si se suman los tres candidatos que llevaba, en la que se impuso el diputado provincial Mauricio Di C\u00e9sare, apoyado por el\u00a0<strong>intendente\u00a0<\/strong>Miguel \u00c1ngel Ronco. Luego de las primarias, el favorito era Mansur y para algunos referentes lo sigue siendo. Otros dirigentes aseguran que la presencia del vicegobernador Mario Abed- que es muy potente pol\u00edticamente\u00a0en el Este y que ganar\u00e1 c\u00f3modo el domingo en Jun\u00edn, en su retorno a la intendencia- est\u00e1 ayudando activamente a que Di C\u00e9sare se imponga en la<strong>\u00a0elecci\u00f3n<\/strong>. \u201cAdem\u00e1s, Mansur va sin candidato a gobernador\u201d, dicen. Militantes de Mansur cuentan que hay una campa\u00f1a sucia hacia el espacio, y que el municipio est\u00e1 usando toda su estructura para ganar las\u00a0<strong>elecciones<\/strong>, especialmente porque si gana el candidato de Sembrar, todos los funcionarios quedar\u00e1n afuera. De ambos lados coinciden que el final est\u00e1 abierto.<\/p>\n\n\n\n<p>En Las Heras en tanto, de los cinco candidatos que hay, hay tres que est\u00e1n m\u00e1s parejos, aunque la pelea se dar\u00e1 entre Bustos, que reporta a Orozco, y LoPresti, avalado por Alfredo Cornejo. El PJ est\u00e1 sumando votos en Las Heras, con la senadora Adriana Cano quien hizo una muy buena elecci\u00f3n (sac\u00f3 22 mil votos) y las encuestas la dan subiendo unos puntos luego de las primarias, lo que ubicar\u00e1 bien\u00a0al peronismo lasherino. Sin embargo, mientras hay encuestas que dan como ganador a LoPresti por algunos puntos, otras ven un empate t\u00e9cnico. Se cree adem\u00e1s que hay confusi\u00f3n y que mucha gente de Las Heras considera que Orozco, quien es candidato a vice de Omar De Marchi (LAUM) es nuevamente candidato a\u00a0<strong>intendente.<\/strong><\/p>\n\n\n\n<p>En los departamentos del Gran Mendoza como Ciudad, Godoy Cruz, Luj\u00e1n de Cuyo y Guaymall\u00e9n no habr\u00eda cambios de color pol\u00edtico. S\u00ed, en donde gobierna Cambia Mendoza, (los dos primeros y el tercero)\u00a0LAUM quedar\u00eda segundo,y en Luj\u00e1n de Cuyo pasar\u00eda al rev\u00e9s. Pero, claro est\u00e1, hay que esperar a que se termine de contar el \u00faltimo voto este domingo y se cargue en la p\u00e1gina oficial para conocer qui\u00e9nes son las personas y los frentes electorales que conducir\u00e1n la provincia y las\u00a0<strong>comunas<\/strong>\u00a0por\u00a0los pr\u00f3ximos cuatro a\u00f1os-<\/p>\n\n\n\n<p>FUENTE: mdzonline.<\/p>\n","protected":false},"excerpt":{"rendered":"<p>El domingo, adem\u00e1s de las elecciones para gobernador y vice y la Legislatura se vota en 11 departamentos intendentes y concejales. D\u00f3nde puede haber cambio de color pol\u00edtico y cu\u00e1l es el panorama para para las comunas mendocinas. En 7 de los 18 departamentos, ya hubo\u00a0elecciones\u00a0generales. En los restantes 11 habr\u00e1 este domingo 24 junto [&hellip;]<\/p>\n","protected":false},"author":2,"featured_media":1612,"comment_status":"open","ping_status":"open","sticky":true,"template":"","format":"standard","meta":[],"categories":[47],"tags":[],"_links":{"self":[{"href":"https:\/\/pasaenmendoza.com\/index.php?rest_route=\/wp\/v2\/posts\/1611"}],"collection":[{"href":"https:\/\/pasaenmendoza.com\/index.php?rest_route=\/wp\/v2\/posts"}],"about":[{"href":"https:\/\/pasaenmendoza.com\/index.php?rest_route=\/wp\/v2\/types\/post"}],"author":[{"embeddable":true,"href":"https:\/\/pasaenmendoza.com\/index.php?rest_route=\/wp\/v2\/users\/2"}],"replies":[{"embeddable":true,"href":"https:\/\/pasaenmendoza.com\/index.php?rest_route=%2Fwp%2Fv2%2Fcomments&post=1611"}],"version-history":[{"count":1,"href":"https:\/\/pasaenmendoza.com\/index.php?rest_route=\/wp\/v2\/posts\/1611\/revisions"}],"predecessor-version":[{"id":1613,"href":"https:\/\/pasaenmendoza.com\/index.php?rest_route=\/wp\/v2\/posts\/1611\/revisions\/1613"}],"wp:featuredmedia":[{"embeddable":true,"href":"https:\/\/pasaenmendoza.com\/index.php?rest_route=\/wp\/v2\/media\/1612"}],"wp:attachment":[{"href":"https:\/\/pasaenmendoza.com\/index.php?rest_route=%2Fwp%2Fv2%2Fmedia&parent=1611"}],"wp:term":[{"taxonomy":"category","embeddable":true,"href":"https:\/\/pasaenmendoza.com\/index.php?rest_route=%2Fwp%2Fv2%2Fcategories&post=1611"},{"taxonomy":"post_tag","embeddable":true,"href":"https:\/\/pasaenmendoza.com\/index.php?rest_route=%2Fwp%2Fv2%2Ftags&post=1611"}],"curies":[{"name":"wp","href":"https:\/\/api.w.org\/{rel}","templated":true}]}}