{"id":1617,"date":"2023-09-21T14:11:20","date_gmt":"2023-09-21T12:11:20","guid":{"rendered":"https:\/\/pasaenmendoza.com\/?p=1617"},"modified":"2023-09-21T14:11:22","modified_gmt":"2023-09-21T12:11:22","slug":"alfredo-cornejo-hice-un-esfuerzo-enorme-para-no-responder-a-algunas-criticas-injustas","status":"publish","type":"post","link":"https:\/\/pasaenmendoza.com\/?p=1617","title":{"rendered":"Alfredo Cornejo: &#8220;Hice un esfuerzo enorme para no responder a algunas cr\u00edticas injustas&#8221;"},"content":{"rendered":"\n<p><strong>Alfredo Cornejo<\/strong>\u00a0-candidato a gobernador por\u00a0<strong>Cambia Mendoza<\/strong>&#8211; particip\u00f3 del programa<strong>\u00a0&#8220;S\u00e9ptimo D\u00eda&#8221;<\/strong>\u00a0(Canal 7), adonde expuso propuestas y puntos de vista a tres d\u00edas de las\u00a0<strong>elecciones 2023<\/strong>, que tendr\u00e1n lugar el pr\u00f3ximo domingo.<\/p>\n\n\n\n<p>El mi\u00e9rcoles por la noche el<strong>&nbsp;exmandatario provincial y senador nacional<\/strong>&nbsp;encabezaba la mayor\u00eda de las encuestas en una \u00e9poca en que los sondeos han entrado en una etapa de inestabilidad, lo que suma&nbsp;<strong>suspenso al desenlace<\/strong>&nbsp;de la carrera hacia el sill\u00f3n de San Mart\u00edn.<\/p>\n\n\n\n<p><strong>A s\u00f3lo 24 horas de que empiece la veda<\/strong>, Cornejo empez\u00f3 la entrevista admitiendo que se trata de &#8220;una campa\u00f1a dif\u00edcil&#8221;<\/p>\n\n\n\n<p>&#8220;<strong>No ha sido una buena campa\u00f1a en general<\/strong>. Yo me pongo en lugar del ciudadano y creo que tiene much\u00edsima paciencia. Noto que&nbsp;<strong>se apunta a la vulgaridad de tirar cosas vagas, con foco en consignas vac\u00edas y rimbombantes m\u00e1s que en traer propuestas<\/strong>&#8220;, dijo.<\/p>\n\n\n\n<p>Sin embargo, sali\u00f3 al cruce de\u00a0las cr\u00edticas que recibi\u00f3 el\u00a0<strong>debate entre candidatos<\/strong>\u00a0que se realiz\u00f3 el fin de semana pasado, y neg\u00f3 que haya existido un acuerdo con el peronismo para que ese evento se realizara\u00a0<strong>bajo ciertas condiciones y formatos<\/strong>.<\/p>\n\n\n\n<p>&#8220;Si ves la cr\u00f3nica period\u00edstica, ver\u00e1s que\u00a0<strong>todos los legisladores votaron de manera un\u00e1nime la Ley del Debate<\/strong>. Hubo acuerdo de todas las fuerzas&#8221;, recalc\u00f3.<\/p>\n\n\n\n<h2 class=\"wp-block-heading\">&#8220;No voy a sacar el \u00edtem aula&#8221;<\/h2>\n\n\n\n<p>Hace d\u00edas, uno de los competidores de Cornejo en su intento por llegar a la Casa de Gobierno,&nbsp;<strong>Omar Parisi&nbsp;<\/strong>(Frente Eleg\u00ed), asever\u00f3 que lo primero que har\u00eda en caso de hacerse cargo del Ejecutivo ser\u00eda derogar el&nbsp;<strong>\u00edtem aula<\/strong>.<\/p>\n\n\n\n<p>&#8220;Eso seguro que no lo har\u00eda -respondi\u00f3 Cornejo ante la misma consulta-.&nbsp;<strong>Fue una medida que orden\u00f3 al sistema y aument\u00f3 el presentismo de estudiantes y docentes<\/strong>. Lo que s\u00ed creo que hay que revisar, teniendo en cuenta la inflaci\u00f3n galopante, es el deterioro de la escala salarial docente que se ha producido&#8221;.<\/p>\n\n\n\n<p>&#8220;Y si Parisi es electo gobernador -sigui\u00f3-,\u00a0<strong>\u00e9l no podr\u00e1 derogar el \u00edtem aula porque ser\u00e1 asunto de la Legislatura<\/strong>. Lo primero que har\u00eda en todo caso ser\u00eda<strong>\u00a0mandar una ley que reemplace a la vieja<\/strong>\u00a0y llamar a una paritaria para armar una nueva estructura salarial&#8221;.<\/p>\n\n\n\n<h2 class=\"wp-block-heading\">&#8220;Desarrollo Social se integrar\u00eda a la DGE&#8221;<\/h2>\n\n\n\n<p>Lo que s\u00ed concretar\u00eda \u00e9l en los primeros d\u00edas de gobierno -seg\u00fan precis\u00f3 el propio Cornejo- es un&nbsp;<strong>cambio en la Ley de Ministerios<\/strong>.<\/p>\n\n\n\n<p>&#8220;Hay que<strong>&nbsp;seguir achicando la planta de funcionarios pol\u00edticos y afirmar los aspectos t\u00e9cnicos de la gesti\u00f3n a trav\u00e9s de autarqu\u00edas<\/strong>&#8220;, justific\u00f3.<\/p>\n\n\n\n<p>En ese sentido, retom\u00f3 la idea de<strong>\u00a0subsumir al \u00e1rea de Desarrollo Social dentro de la Direcci\u00f3n General de Escuelas (DGE)<\/strong>.<\/p>\n\n\n\n<p>&#8220;Hoy la verdadera tarea social que tiene un gobierno provincial es&nbsp;<strong>la educaci\u00f3n<\/strong>. Es lo m\u00e1s importante y es un factor que iguala oportunidades. Actualmente, el sistema educativo tiene mejores rendimientos que antes, pero est\u00e1 lejos del \u00f3ptimo. Ahora bien: dentro de la organizaci\u00f3n del sistema educativo,&nbsp;<strong>mejor\u00f3 mucho la calidad de la informaci\u00f3n con la que se cuenta, con herramientas como el GEM<\/strong>. Los problemas que surgen en el hogar a veces repercuten en la escuela y entonces se pueden detectar esos problemas y aplicar&nbsp;<strong>mejores pol\u00edticas sociales<\/strong>&#8220;, expres\u00f3 el candidato.<\/p>\n\n\n\n<p>Y respecto a los vientos de &#8220;recorte&#8221; que soplan \u00faltimamente en la discusi\u00f3n p\u00fablica, opin\u00f3:&nbsp;<strong>&#8220;Argentina no puede desarmar su sistema de contenci\u00f3n social en los tiempos que vienen&#8221;.<\/strong><\/p>\n\n\n\n<p>Pero a su vez matiz\u00f3 subrayando lo que falta. &#8220;Hay que coordinar pol\u00edticas que a veces se llevan a nivel local de forma desordenada;&nbsp;<strong>hay que integrar bases de datos con solvencia t\u00e9cnica para ver c\u00f3mo se interviene socialmente sobre la poblaci\u00f3n de ni\u00f1os y adolescentes que est\u00e1n bajo la l\u00ednea de pobreza<\/strong>. El Estado puede hacer rendir mucho mejor esos recursos si logra llegar con una asistencia m\u00e1s directa y ordenada&#8221;, destac\u00f3 Cornejo.<\/p>\n\n\n\n<h2 class=\"wp-block-heading\">&#8220;Utilizar\u00e9 la prisi\u00f3n preventiva para quien robe elementos de trabajo&#8221;<\/h2>\n\n\n\n<p>A la hora de referirse a la&nbsp;<strong>seguridad<\/strong>, el invitado insisti\u00f3 en la necesidad de usar la&nbsp;<strong>prisi\u00f3n preventiva<\/strong>.<\/p>\n\n\n\n<p>&#8220;Si soy gobernador, yo voy a promover la prisi\u00f3n preventiva para los\u00a0<strong>robos de bicicletas, elementos de trabajo, autos, neum\u00e1ticos, autopartes<\/strong>. Eso no s\u00f3lo es ley, sino que tiene que ver con la gesti\u00f3n&#8221;, anticip\u00f3.<\/p>\n\n\n\n<p>Y ejemplific\u00f3: &#8220;Durante mi gobierno,&nbsp;<strong>metimos a 2.000 personas presas<\/strong>, y los delitos violentos bajaron significativamente. Entre otras cosas, lo logramos aplicando la prisi\u00f3n preventiva. Si vos comet\u00edas un delito con arma y la investigaci\u00f3n encontraba pruebas en tu contra,&nbsp;<strong>esperabas el juicio en prisi\u00f3n&#8221;<\/strong>.<\/p>\n\n\n\n<p>&#8220;La puerta giratoria de antes era que vos esperabas ese juicio en libertad -continu\u00f3 Cornejo-. Entonces los delincuentes estiraban la sentencia lo m\u00e1ximo que pod\u00edan.&nbsp;<strong>Hoy, como est\u00e1n en prisi\u00f3n, los abogados defensores intentan acelerar los procesos. Por eso hay tantos casos que terminan en juicios abreviados&#8221;<\/strong>.<\/p>\n\n\n\n<h2 class=\"wp-block-heading\">Cu\u00e1nta gente se necesita para administrar el Estado seg\u00fan Cornejo<\/h2>\n\n\n\n<p>El equipo period\u00edstico de S\u00e9ptimo D\u00eda -que esta vez form\u00f3 con&nbsp;<strong>Juli\u00e1n Imazio, Pablo Gerardi y Agustina Fiadino<\/strong>&#8211; le pregunt\u00f3 al exmandatario provincial&nbsp;<strong>con cu\u00e1ntos empleados pod\u00eda gestionarse el Estado mendocino.<\/strong><\/p>\n\n\n\n<p>El radical no se amilan\u00f3 ante el tema. &#8220;Si hay liderazgo pol\u00edtico, dedicaci\u00f3n plena y capacidad,&nbsp;<strong>el Estado mendocino se puede gestionar con 250 personas<\/strong>&#8220;, arriesg\u00f3, a la vez que resaltaba la<strong>&nbsp;importancia del presupuesto a la hora de definir una administraci\u00f3n<\/strong>.<\/p>\n\n\n\n<p>Y compar\u00f3: &#8220;<strong>Hoy el municipio de Las Heras tiene m\u00e1s de 200 funcionarios pol\u00edticos, mientras que Godoy Cruz tiene apenas 45 o 50<\/strong>. Ambos departamentos cuentan pr\u00e1cticamente con la misma cantidad de habitantes&#8221;.<\/p>\n\n\n\n<h2 class=\"wp-block-heading\">&#8220;Categ\u00f3ricamente hay que renovar&#8221;<\/h2>\n\n\n\n<p>Cornejo fue vehemente a la hora de&nbsp;<strong>apoyar una renovaci\u00f3n en las filas de Cambia Mendoza<\/strong>.<\/p>\n\n\n\n<p>&#8220;Categ\u00f3ricamente hay que renovar. Lo estamos haciendo&nbsp;<strong>al llevar gente joven en nuestras candidaturas<\/strong>, con experiencia de servicios p\u00fablicos, pero tambi\u00e9n con personas que vienen del sector privado&#8221;.<\/p>\n\n\n\n<p>Como ejemplo puso a&nbsp;<strong>Marcos Calvente<\/strong>&nbsp;(candidato a la intendencia de Guaymall\u00e9n),&nbsp;<strong>Francisco Lo Presti<\/strong>&nbsp;(Las Heras),&nbsp;<strong>Diego Costarelli<\/strong>&nbsp;(Godoy Cruz) y&nbsp;<strong>Natalio Mema<\/strong>&nbsp;(Luj\u00e1n de Cuyo).<\/p>\n\n\n\n<p>En cuanto a&nbsp;<strong>Tadeo Garc\u00eda Zalazar<\/strong>, anticip\u00f3 que&nbsp;<strong>lo cuenta dentro de su equipo<\/strong>&nbsp;en caso de ser ungido por las urnas.<\/p>\n\n\n\n<p>&#8220;A \u00e9l se le ofreci\u00f3 ser candidato a legislador provincial y a diputado nacional pero no tuvo ganas.&nbsp;<strong>Yo lo quiero en mi equipo, y si no lo he convocado es porque no he ganado todav\u00eda<\/strong>. Adem\u00e1s de su experiencia como intendente, \u00e9l fue director de vivienda social del municipio en su momento y es docente en Pol\u00edticas de Vivienda en varias carreras de la UNCuyo&#8221;, argument\u00f3.<\/p>\n\n\n\n<p><\/p>\n\n\n\n<h2 class=\"wp-block-heading\"><strong>Las cr\u00edticas de otros candidatos y el gobierno de Suarez<\/strong><\/h2>\n\n\n\n<p>Hacia el final de la charla, Cornejo retom\u00f3 el an\u00e1lisis de la campa\u00f1a y puntualmente&nbsp;<strong>se refiri\u00f3 al debate del domingo, en el que varios candidatos se centraron en denostarlo<\/strong>.<\/p>\n\n\n\n<p>&#8220;Yo\u00a0<strong>soy una persona pasional<\/strong>\u00a0e hice un esfuerzo enorme por no responderles en la misma t\u00f3nica a quienes hac\u00edan cr\u00edticas injustas&#8221;, admiti\u00f3. &#8220;Que den cifras falsas, como las dieron, ya me enoja;<strong>\u00a0as\u00ed que los ataques que vienen desde ah\u00ed me enojan el doble<\/strong>&#8220;.<\/p>\n\n\n\n<p>En relaci\u00f3n a algunas falencias de la gesti\u00f3n actual, Cornejo record\u00f3 que \u00e9l&nbsp;<strong>no ha desempe\u00f1ado puestos ejecutivos recientemente<\/strong>. &#8220;Pero sin duda a Suarez le toc\u00f3 un gobierno nacional muy malo y eso no es un dato menor&#8221;, enfatiz\u00f3.<\/p>\n\n\n\n<p>Es m\u00e1s: el aspirante a la gobernaci\u00f3n no esquiv\u00f3 las conjeturas al remarcar que si hubiese habido&nbsp;<strong>otro panorama en Casa Rosada<\/strong>&nbsp;una obra como&nbsp;<strong>Portezuelo del Viento<\/strong>&nbsp;ya ser\u00eda realidad.<\/p>\n\n\n\n<p>&#8220;Si hubiera estado&nbsp;<strong>Menem<\/strong>&nbsp;como presidente, habr\u00edamos comenzado las obras. Si hubieran estado&nbsp;<strong>Alfons\u00edn<\/strong>&nbsp;o&nbsp;<strong>N\u00e9stor Kirchner<\/strong>&nbsp;o&nbsp;<strong>Mauricio Macri<\/strong>, tambi\u00e9n. Un gobierno tan necio de negarse a una construcci\u00f3n que iba a pagar Mendoza, que iba a aportar energ\u00eda al sistema nacional y que le regulaba el r\u00edo a cuatro provincias, la verdad es que no se entiende.&nbsp;<strong>No se entiende por qu\u00e9 se inclin\u00f3 ante la tozudez de La Pampa<\/strong>. Para colmo, lo que el laudo de Alberto Fern\u00e1ndez reglamenta es que toda decisi\u00f3n sobre el impacto ambiental de los r\u00edos nuestros -que s\u00ed, son interprovinciales-&nbsp;<strong>no se podr\u00e1n aprobar si no es por unanimidad, algo muy grave<\/strong>&#8220;.<\/p>\n\n\n\n<h2 class=\"wp-block-heading\">La relaci\u00f3n con el gobierno nacional que viene<\/h2>\n\n\n\n<p>Cornejo imagin\u00f3 los pr\u00f3ximos a\u00f1os de la Argentina. &#8220;Gane quien gane, deber\u00e1 intentar un&nbsp;<strong>plan de estabilizaci\u00f3n<\/strong>&#8220;, marc\u00f3. &#8220;Y quien posee el mejor equipo para eso es<strong>&nbsp;Patricia Bullrich<\/strong>&#8220;, consider\u00f3 sobre la candidata a la presidencia de<strong>&nbsp;Juntos por el Cambio<\/strong>.<\/p>\n\n\n\n<p>No obstante, avizor\u00f3 que, cualquiera sea el escenario,&nbsp;<strong>la gobernabilidad<\/strong>&nbsp;ser\u00e1 un desaf\u00edo.<\/p>\n\n\n\n<p>&#8220;El que menos gobernabilidad tendr\u00eda en caso de ganar es\u00a0<strong>Javier Milei<\/strong>\u00a0-analiz\u00f3-. Por eso hay un grupo de gobernadores que afrontar\u00edamos\u00a0<strong>la responsabilidad de evitar que un presidente se vaya a los pocos meses, como ha ocurrido recientemente en Per\u00fa<\/strong>&#8220;.<\/p>\n\n\n\n<p>FUENTE: diariouno.com.ar<\/p>\n","protected":false},"excerpt":{"rendered":"<p>Alfredo Cornejo\u00a0-candidato a gobernador por\u00a0Cambia Mendoza&#8211; particip\u00f3 del programa\u00a0&#8220;S\u00e9ptimo D\u00eda&#8221;\u00a0(Canal 7), adonde expuso propuestas y puntos de vista a tres d\u00edas de las\u00a0elecciones 2023, que tendr\u00e1n lugar el pr\u00f3ximo domingo. El mi\u00e9rcoles por la noche el&nbsp;exmandatario provincial y senador nacional&nbsp;encabezaba la mayor\u00eda de las encuestas en una \u00e9poca en que los sondeos han entrado en [&hellip;]<\/p>\n","protected":false},"author":2,"featured_media":1618,"comment_status":"open","ping_status":"open","sticky":true,"template":"","format":"standard","meta":[],"categories":[47],"tags":[],"_links":{"self":[{"href":"https:\/\/pasaenmendoza.com\/index.php?rest_route=\/wp\/v2\/posts\/1617"}],"collection":[{"href":"https:\/\/pasaenmendoza.com\/index.php?rest_route=\/wp\/v2\/posts"}],"about":[{"href":"https:\/\/pasaenmendoza.com\/index.php?rest_route=\/wp\/v2\/types\/post"}],"author":[{"embeddable":true,"href":"https:\/\/pasaenmendoza.com\/index.php?rest_route=\/wp\/v2\/users\/2"}],"replies":[{"embeddable":true,"href":"https:\/\/pasaenmendoza.com\/index.php?rest_route=%2Fwp%2Fv2%2Fcomments&post=1617"}],"version-history":[{"count":1,"href":"https:\/\/pasaenmendoza.com\/index.php?rest_route=\/wp\/v2\/posts\/1617\/revisions"}],"predecessor-version":[{"id":1619,"href":"https:\/\/pasaenmendoza.com\/index.php?rest_route=\/wp\/v2\/posts\/1617\/revisions\/1619"}],"wp:featuredmedia":[{"embeddable":true,"href":"https:\/\/pasaenmendoza.com\/index.php?rest_route=\/wp\/v2\/media\/1618"}],"wp:attachment":[{"href":"https:\/\/pasaenmendoza.com\/index.php?rest_route=%2Fwp%2Fv2%2Fmedia&parent=1617"}],"wp:term":[{"taxonomy":"category","embeddable":true,"href":"https:\/\/pasaenmendoza.com\/index.php?rest_route=%2Fwp%2Fv2%2Fcategories&post=1617"},{"taxonomy":"post_tag","embeddable":true,"href":"https:\/\/pasaenmendoza.com\/index.php?rest_route=%2Fwp%2Fv2%2Ftags&post=1617"}],"curies":[{"name":"wp","href":"https:\/\/api.w.org\/{rel}","templated":true}]}}