{"id":1621,"date":"2023-09-21T14:31:50","date_gmt":"2023-09-21T12:31:50","guid":{"rendered":"https:\/\/pasaenmendoza.com\/?p=1621"},"modified":"2023-09-21T14:31:51","modified_gmt":"2023-09-21T12:31:51","slug":"dia-del-empleado-de-comercio-asi-funcionaran-este-lunes-supermercados-shoppings-y-negocios","status":"publish","type":"post","link":"https:\/\/pasaenmendoza.com\/?p=1621","title":{"rendered":"D\u00eda del Empleado de Comercio: as\u00ed funcionar\u00e1n este lunes supermercados, shoppings y negocios"},"content":{"rendered":"\n<p>El\u00a0<strong>D\u00eda del Empleado de Comercio<\/strong>\u00a0se festeja cada 26 de septiembre. Pero en Mendoza, por ley se acord\u00f3 que se pasara cada a\u00f1o al cuarto lunes de cada mes de septiembre. Por lo tanto, el festejo en la provincia ser\u00e1 el pr\u00f3ximo 25 de septiembre.<\/p>\n\n\n\n<p>El de empleados de comercio es el gremio m\u00e1s numeroso del pa\u00eds. Tiene alrededor de 1,2 millones de afiliados. No obstante, el D\u00eda del Empleado de Comercio no es a\u00fan una fecha muy conocida. No son pocos los que desconocen su existencia, o no saben si se trata de un feriado o no, o si habr\u00e1 tiendas abiertas en ese d\u00eda.<\/p>\n\n\n\n<p>En resumen\u00a0<strong>el lunes 25 de septiembre\u00a0<\/strong>se celebrar\u00e1 el D\u00eda del Empleado de Comercio.\u00a0<strong>Por este motivo los supermercados, hipermercados, shoppings, centros comerciales, negocios mayoristas, comercios minosristas ni las tiendas que se encuentran en los shoppings, pueden estar cerradas toda la jornada en Argentina.\u00a0<\/strong>De hecho, en Mendoza estar\u00e1n cerrados sin excepci\u00f3n, pero en el caso de centros comerciales, mayoristas y shoppings s\u00ed abrir\u00e1n cines y restaurantes por pertenecer a otros gremios en sus horarios habituales.<\/p>\n\n\n\n<h2 class=\"wp-block-heading\">Cu\u00e1ndo es el D\u00eda del Empleado de Comercio<\/h2>\n\n\n\n<p>En la Argentina, el D\u00eda del Empleado de Comercio es tradicionalmente el 26 de septiembre. Este a\u00f1o cae en d\u00eda martes, por lo que se pasa al lunes 25 de septiembre.<\/p>\n\n\n\n<h2 class=\"wp-block-heading\">Por qu\u00e9 se festeja el D\u00eda del Empleado de Comercio el 26 de septiembre<\/h2>\n\n\n\n<p><strong>En la Argentina se celebra el D\u00eda del Empleado de Comercio cada 26 de septiembre porque en esa fecha de 1934<\/strong>&nbsp;-durante la presidencia de Agust\u00edn Pedro Justo-&nbsp;<strong>fue sancionada la Ley N\u00b011.729 que legisl\u00f3 las relaciones del trabajo.<\/strong><\/p>\n\n\n\n<p><strong>La mencionada ley fue hist\u00f3rica para muchos trabajadores argentinos,&nbsp;<\/strong>ya que fue la primera en el pa\u00eds que -haci\u00e9ndose eco de los cambios a nivel laboral que ya ocurr\u00edan en naciones m\u00e1s desarrolladas- determin\u00f3 ciertas normas protectoras de la estabilidad en el empleo, beneficios vacacionales, garant\u00edas por accidentes laborales, entre otras cuestiones.<\/p>\n\n\n\n<p>La Ley N\u00b011.729 fue el antecedente de los estudios y leyes que devinieron d\u00e9cadas m\u00e1s tarde, en las CYMAT (condiciones y medio ambiente de trabajo), impulsadas por estudios del CEIL CONICET.<\/p>\n\n\n\n<p><strong>El C\u00f3digo de Comercio de la Rep\u00fablica Argentina estuvo vigente desde el 10 de septiembre de 1862, pero le faltaba una actualizaci\u00f3n&nbsp;<\/strong>en su cap\u00edtulo laboral que reglamentara las relaciones entre empleados y empleadores.<\/p>\n\n\n\n<p><strong>Fue el entonces diputado nacional Alfredo L. Palacios que en 1913 proyect\u00f3 la actualizaci\u00f3n de la norma,<\/strong>&nbsp;para proteger la estabilidad en el empleo en el sector, lo que fue rechazado por las mayor\u00edas parlamentarias durante m\u00e1s de 20 a\u00f1os.<\/p>\n\n\n\n<p>Sin embargo, comenz\u00f3 un proceso evolutivo con Adolfo Dikman, diputado nacional, quien present\u00f3 el proyecto de Ley; y \u00c1ngel G. Borlenghi, secretario general del gremio mercantil.<\/p>\n\n\n\n<p><strong>En los a\u00f1os &#8217;30, Borlenghi y Dikman fortalecieron la Federaci\u00f3n de Empleados de Comercio de la Capital Federal y se organiz\u00f3 la Confederaci\u00f3n General de Empleados de Comercio,&nbsp;<\/strong>que goza de la personer\u00eda Gremial N\u00b01, y agrupa a m\u00e1s de 300 filiales.<\/p>\n\n\n\n<p><strong>Sus esfuerzos permitieron la aprobaci\u00f3n del proyecto el 26 de septiembre de 1933, pero fue vetado\u00a0<\/strong>por el entonces presidente Gral. Agust\u00edn P. Justo, con el argumento que conten\u00eda una cl\u00e1usula de efecto retroactivo.<\/p>\n\n\n\n<p><strong>Con la consigna &#8220;vacaciones pagas e indemnizaci\u00f3n por despido&#8221; volvieron a presionar al Congreso que decidi\u00f3 tratar nuevamente el proyecto.<\/strong>&nbsp;Fue la Ley N\u00b011.729 en septiembre de 1934, la base de la legislaci\u00f3n del contrato individual y sustento de la doctrina y la jurisprudencia laboral.<\/p>\n\n\n\n<p><strong>Es por eso que el D\u00eda del Empleado de Comercio se estableci\u00f3 en esa fecha por medio de la Ley 26.541 (sancionada en noviembre de 2009),<\/strong>&nbsp;lo que fue ratificado en el Convenio Colectivo de Trabajo de la actividad.<\/p>\n\n\n\n<p>El prop\u00f3sito del D\u00eda del Empleado de Comercio es la conmemoraci\u00f3n de esos logros de los trabajadores y preservar vigente una conquista laboral que benefici\u00f3 no s\u00f3lo a los que se desempe\u00f1an en esta actividad, sino tambi\u00e9n a todos los trabajadores del sector privado privada.<\/p>\n\n\n\n<p><strong>Fuente: www.diariouno.com.ar<\/strong><\/p>\n","protected":false},"excerpt":{"rendered":"<p>El\u00a0D\u00eda del Empleado de Comercio\u00a0se festeja cada 26 de septiembre. Pero en Mendoza, por ley se acord\u00f3 que se pasara cada a\u00f1o al cuarto lunes de cada mes de septiembre. Por lo tanto, el festejo en la provincia ser\u00e1 el pr\u00f3ximo 25 de septiembre. El de empleados de comercio es el gremio m\u00e1s numeroso del [&hellip;]<\/p>\n","protected":false},"author":2,"featured_media":1629,"comment_status":"open","ping_status":"open","sticky":false,"template":"","format":"standard","meta":[],"categories":[50],"tags":[],"_links":{"self":[{"href":"https:\/\/pasaenmendoza.com\/index.php?rest_route=\/wp\/v2\/posts\/1621"}],"collection":[{"href":"https:\/\/pasaenmendoza.com\/index.php?rest_route=\/wp\/v2\/posts"}],"about":[{"href":"https:\/\/pasaenmendoza.com\/index.php?rest_route=\/wp\/v2\/types\/post"}],"author":[{"embeddable":true,"href":"https:\/\/pasaenmendoza.com\/index.php?rest_route=\/wp\/v2\/users\/2"}],"replies":[{"embeddable":true,"href":"https:\/\/pasaenmendoza.com\/index.php?rest_route=%2Fwp%2Fv2%2Fcomments&post=1621"}],"version-history":[{"count":1,"href":"https:\/\/pasaenmendoza.com\/index.php?rest_route=\/wp\/v2\/posts\/1621\/revisions"}],"predecessor-version":[{"id":1630,"href":"https:\/\/pasaenmendoza.com\/index.php?rest_route=\/wp\/v2\/posts\/1621\/revisions\/1630"}],"wp:featuredmedia":[{"embeddable":true,"href":"https:\/\/pasaenmendoza.com\/index.php?rest_route=\/wp\/v2\/media\/1629"}],"wp:attachment":[{"href":"https:\/\/pasaenmendoza.com\/index.php?rest_route=%2Fwp%2Fv2%2Fmedia&parent=1621"}],"wp:term":[{"taxonomy":"category","embeddable":true,"href":"https:\/\/pasaenmendoza.com\/index.php?rest_route=%2Fwp%2Fv2%2Fcategories&post=1621"},{"taxonomy":"post_tag","embeddable":true,"href":"https:\/\/pasaenmendoza.com\/index.php?rest_route=%2Fwp%2Fv2%2Ftags&post=1621"}],"curies":[{"name":"wp","href":"https:\/\/api.w.org\/{rel}","templated":true}]}}