{"id":1622,"date":"2023-09-21T14:25:58","date_gmt":"2023-09-21T12:25:58","guid":{"rendered":"https:\/\/pasaenmendoza.com\/?p=1622"},"modified":"2023-09-21T14:25:59","modified_gmt":"2023-09-21T12:25:59","slug":"la-primavera-llega-con-todo-calor-y-zonda-en-mendoza","status":"publish","type":"post","link":"https:\/\/pasaenmendoza.com\/?p=1622","title":{"rendered":"La primavera llega con todo: calor y zonda en Mendoza"},"content":{"rendered":"\n<p>Para este\u00a0<strong>jueves 21 de septiembre<\/strong>, inicio de la\u00a0<strong>primavera<\/strong>, anticiparon una jornada con nubosidad variable y ascenso de la temperatura en la provincia de\u00a0<strong>Mendoza<\/strong>. La m\u00e1xima alcanzar\u00e1 los 27\u00b0C, mientras que la m\u00ednima fue de 9\u00b0C.\u00a0<\/p>\n\n\n\n<p>Adem\u00e1s se espera la presencia de viento\u00a0<strong>Zonda en precordillera<\/strong>\u00a0<strong>(Potrerillos, Uspallata, Manzano,\u00a0 Malarg\u00fce)<\/strong>, informan desde\u00a0<strong>Contingencias Clim\u00e1ticas<\/strong>.\u00a0<\/p>\n\n\n\n<p>\u00a0Seg\u00fan el\u00a0<strong>pron\u00f3stico extendido<\/strong>, se esperan d\u00edas agradables para lo que resta de la semana, con m\u00e1ximas que llegar\u00e1n a 26\u00b0C.\u00a0<\/p>\n\n\n\n<p>Pron\u00f3stico extendido<\/p>\n\n\n\n<p>Para el\u00a0<strong>viernes 22 de septiembre<\/strong>, anunciaron un cielo parcialmente nublado con poco cambio de la temperatura, vientos moderados del sudeste. Nevadas en cordillera. M\u00e1xima de 26\u00baC, m\u00ednima de 10\u00baC.<\/p>\n\n\n\n<p>Por su parte, el\u00a0<strong>s\u00e1bado 23 de septiembre\u00a0<\/strong>estar\u00e1 parcialmente nublado con descenso de la temperatura, vientos moderados del sector sur. Tiempo inestable. Nevadas en cordillera M\u00e1xima de 26\u00baC, m\u00ednima de 12\u00baC.<\/p>\n\n\n\n<p>Para el\u00a0<strong>domingo 24 de septiembre\u00a0<\/strong>se espera un cielo parcialmente nublado con descenso de la temperatura, vientos moderados del sudeste. M\u00e1xima de 18\u00baC, m\u00ednima de 15\u00baC.<\/p>\n\n\n\n<p><strong>Fuente: www.mendozapost.com<\/strong><\/p>\n","protected":false},"excerpt":{"rendered":"<p>Para este\u00a0jueves 21 de septiembre, inicio de la\u00a0primavera, anticiparon una jornada con nubosidad variable y ascenso de la temperatura en la provincia de\u00a0Mendoza. La m\u00e1xima alcanzar\u00e1 los 27\u00b0C, mientras que la m\u00ednima fue de 9\u00b0C.\u00a0 Adem\u00e1s se espera la presencia de viento\u00a0Zonda en precordillera\u00a0(Potrerillos, Uspallata, Manzano,\u00a0 Malarg\u00fce), informan desde\u00a0Contingencias Clim\u00e1ticas.\u00a0 \u00a0Seg\u00fan el\u00a0pron\u00f3stico extendido, se esperan [&hellip;]<\/p>\n","protected":false},"author":2,"featured_media":1623,"comment_status":"open","ping_status":"open","sticky":false,"template":"","format":"standard","meta":[],"categories":[52],"tags":[],"_links":{"self":[{"href":"https:\/\/pasaenmendoza.com\/index.php?rest_route=\/wp\/v2\/posts\/1622"}],"collection":[{"href":"https:\/\/pasaenmendoza.com\/index.php?rest_route=\/wp\/v2\/posts"}],"about":[{"href":"https:\/\/pasaenmendoza.com\/index.php?rest_route=\/wp\/v2\/types\/post"}],"author":[{"embeddable":true,"href":"https:\/\/pasaenmendoza.com\/index.php?rest_route=\/wp\/v2\/users\/2"}],"replies":[{"embeddable":true,"href":"https:\/\/pasaenmendoza.com\/index.php?rest_route=%2Fwp%2Fv2%2Fcomments&post=1622"}],"version-history":[{"count":1,"href":"https:\/\/pasaenmendoza.com\/index.php?rest_route=\/wp\/v2\/posts\/1622\/revisions"}],"predecessor-version":[{"id":1624,"href":"https:\/\/pasaenmendoza.com\/index.php?rest_route=\/wp\/v2\/posts\/1622\/revisions\/1624"}],"wp:featuredmedia":[{"embeddable":true,"href":"https:\/\/pasaenmendoza.com\/index.php?rest_route=\/wp\/v2\/media\/1623"}],"wp:attachment":[{"href":"https:\/\/pasaenmendoza.com\/index.php?rest_route=%2Fwp%2Fv2%2Fmedia&parent=1622"}],"wp:term":[{"taxonomy":"category","embeddable":true,"href":"https:\/\/pasaenmendoza.com\/index.php?rest_route=%2Fwp%2Fv2%2Fcategories&post=1622"},{"taxonomy":"post_tag","embeddable":true,"href":"https:\/\/pasaenmendoza.com\/index.php?rest_route=%2Fwp%2Fv2%2Ftags&post=1622"}],"curies":[{"name":"wp","href":"https:\/\/api.w.org\/{rel}","templated":true}]}}