{"id":1628,"date":"2023-09-21T14:36:08","date_gmt":"2023-09-21T12:36:08","guid":{"rendered":"https:\/\/pasaenmendoza.com\/?p=1628"},"modified":"2023-09-21T14:36:10","modified_gmt":"2023-09-21T12:36:10","slug":"imputacion-y-carcel-para-los-hermanos-acusados-de-matar-al-joven-de-14-anos-en-las-heras","status":"publish","type":"post","link":"https:\/\/pasaenmendoza.com\/?p=1628","title":{"rendered":"Imputaci\u00f3n y c\u00e1rcel para los hermanos acusados de matar al joven de 14 a\u00f1os en Las Heras"},"content":{"rendered":"\n<p>El fiscal de Homicidios\u00a0<strong>Carlos Torres<\/strong>\u00a0imput\u00f3 este mi\u00e9rcoles a los hermanos detenidos por el\u00a0<mark>asesinato de un joven de 14 a\u00f1os<\/mark>\u00a0en el barrio Buena Vista de Las Heras y orden\u00f3 que pasen a la c\u00e1rcel.<\/p>\n\n\n\n<p>El hecho de sangre que tuvo como v\u00edctima a Santiago Contreras sucedi\u00f3 el lunes antes del mediod\u00eda en el distrito<strong>\u00a0El Borboll\u00f3n<\/strong>\u00a0y sacudi\u00f3 a los habitantes del sector por los momentos de tensi\u00f3n y violencia que se vivieron:\u00a0<mark>se produjo en medio de una pelea entre familias que ven\u00edan arrastrando problemas desde hac\u00eda varios d\u00edas.<\/mark><\/p>\n\n\n\n<p>La informaci\u00f3n judicial sostiene que los hermanos\u00a0<strong>Mario y Natacha Migoni<\/strong>, quienes quedaron detenidos minutos a los pocos minutos de confirmado el crimen, fueron acusados como coautores del delito de\u00a0<strong>homicidio agravado por el uso de arma de fuego\u00a0<\/strong>gracias a una prueba de importancia, m\u00e1s all\u00e1 de algunas declaraciones testimoniales: un barrido electr\u00f3nico determin\u00f3 que\u00a0<mark>ambos presentaban restos de p\u00f3lvora el cuerpo<\/mark>, lo que permiti\u00f3 inferir que podr\u00edan estar relacionados con el hecho.<\/p>\n\n\n\n<p>La mujer fue una de las primeras en hablar ante los investigadores policiales. Confes\u00f3 que ella hab\u00eda sido quien dispar\u00f3 el arma en medio de los cruces que manten\u00eda con Contreras y otros familiares. Dijo que sac\u00f3 el arma que ten\u00eda por la ventana de su casa de la manzana M y la accion\u00f3 porque estaba siendo amenazada.<\/p>\n\n\n\n<p>Por este tema,\u00a0<strong><em>El Sol\u00a0<\/em><\/strong>accedi\u00f3 a un\u00a0<mark>video que capt\u00f3 a la v\u00edctima minutos antes de ser ejecutada portando un arma de fuego tipo rev\u00f3lver<\/mark>\u00a0mientras abordaba a un par de sujetos en el mismo complejo.<\/p>\n\n\n\n<p>Esa prueba comenz\u00f3 a ser parte del expediente en las \u00faltimas horas y sirvi\u00f3 para ir armando el rompecabezas de c\u00f3mo se desencaden\u00f3 el ataque. Vecinos que conoc\u00edan algunos de los conflictos que manten\u00edan ambas familias detallaron que Contreras se mostr\u00f3 agresivo antes de morir mientras se encontraba con un hermano.\u00a0<em>\u201cBuscaba recuperar alg\u00fan elemento que le hab\u00edan sustra\u00eddo\u201d,<\/em>\u00a0detallaron.<\/p>\n\n\n\n<p><em>\u00a0\u201cM\u00e1s vale que aparezca la moto\u201d,<\/em>\u00a0fueron algunas de las frases que le escuch\u00f3 decir mientras portaba un rev\u00f3lver plateado en su mano derecha.\u00a0<strong>Contreras estaba vestido con un conjunto deportivo negro y luego se retir\u00f3.<\/strong><\/p>\n\n\n\n<p><strong>Sin reacci\u00f3n<\/strong><\/p>\n\n\n\n<p>Lo cierto es que el lunes antes el mediod\u00eda se produjo un tiroteo y los vecinos llamaron al 911. Se cree que hubo fuego cruzado porque en la casa desde donde habr\u00edan salido los disparos tambi\u00e9n presentaba algunos impactos.<\/p>\n\n\n\n<p>En la zona hablaban de problemas por venta de drogas en peque\u00f1as cantidades y de robos de prendas de vestir y otros elementos de valor entre los protagonistas de la historia. No s\u00f3lo eso: tambi\u00e9n apuntaron a una mujer del sector como quien suministraba las armas.<\/p>\n\n\n\n<p>M\u00e1s all\u00e1 de esto, cuando llegaron los primeros polic\u00edas recibieron como informaci\u00f3n que un joven hab\u00eda resultado herido y que sus parientes lo hab\u00edan llevado en auto particular hasta el Hospital Gailhac.\u00a0<strong>A los pocos minutos, se confirm\u00f3 el deceso.\u00a0<\/strong>Santiago Contreras recibi\u00f3 un plomo en el pecho y falleci\u00f3 a pesar de los ejercicios de reanimaci\u00f3n que le realizaron.<\/p>\n\n\n\n<p>En la vivienda donde habr\u00eda salido el disparo fatal encontraron un arma de fuego, la que fue secuestrada para ser peritada y realizar un cotejo con el proyectil que le quitaron al cad\u00e1ver de la v\u00edctima, tal como detallaron fuentes policiales.<\/p>\n\n\n\n<p>Esa misma jornada, un abuelo y un primo de la v\u00edctima fueron detenidos\u00a0mientras circulaban en una camioneta por Abel Zapata y Paso Hondo:\u00a0<mark>llevaban una tumbera calibre 22. Sospechan que ten\u00edan la intenci\u00f3n de vengar la muerte del menor.<\/mark><\/p>\n\n\n\n<p><strong>Fuente: www.elsol.com.ar<\/strong><\/p>\n","protected":false},"excerpt":{"rendered":"<p>El fiscal de Homicidios\u00a0Carlos Torres\u00a0imput\u00f3 este mi\u00e9rcoles a los hermanos detenidos por el\u00a0asesinato de un joven de 14 a\u00f1os\u00a0en el barrio Buena Vista de Las Heras y orden\u00f3 que pasen a la c\u00e1rcel. El hecho de sangre que tuvo como v\u00edctima a Santiago Contreras sucedi\u00f3 el lunes antes del mediod\u00eda en el distrito\u00a0El Borboll\u00f3n\u00a0y sacudi\u00f3 [&hellip;]<\/p>\n","protected":false},"author":2,"featured_media":1633,"comment_status":"open","ping_status":"open","sticky":false,"template":"","format":"standard","meta":[],"categories":[48],"tags":[],"_links":{"self":[{"href":"https:\/\/pasaenmendoza.com\/index.php?rest_route=\/wp\/v2\/posts\/1628"}],"collection":[{"href":"https:\/\/pasaenmendoza.com\/index.php?rest_route=\/wp\/v2\/posts"}],"about":[{"href":"https:\/\/pasaenmendoza.com\/index.php?rest_route=\/wp\/v2\/types\/post"}],"author":[{"embeddable":true,"href":"https:\/\/pasaenmendoza.com\/index.php?rest_route=\/wp\/v2\/users\/2"}],"replies":[{"embeddable":true,"href":"https:\/\/pasaenmendoza.com\/index.php?rest_route=%2Fwp%2Fv2%2Fcomments&post=1628"}],"version-history":[{"count":1,"href":"https:\/\/pasaenmendoza.com\/index.php?rest_route=\/wp\/v2\/posts\/1628\/revisions"}],"predecessor-version":[{"id":1634,"href":"https:\/\/pasaenmendoza.com\/index.php?rest_route=\/wp\/v2\/posts\/1628\/revisions\/1634"}],"wp:featuredmedia":[{"embeddable":true,"href":"https:\/\/pasaenmendoza.com\/index.php?rest_route=\/wp\/v2\/media\/1633"}],"wp:attachment":[{"href":"https:\/\/pasaenmendoza.com\/index.php?rest_route=%2Fwp%2Fv2%2Fmedia&parent=1628"}],"wp:term":[{"taxonomy":"category","embeddable":true,"href":"https:\/\/pasaenmendoza.com\/index.php?rest_route=%2Fwp%2Fv2%2Fcategories&post=1628"},{"taxonomy":"post_tag","embeddable":true,"href":"https:\/\/pasaenmendoza.com\/index.php?rest_route=%2Fwp%2Fv2%2Ftags&post=1628"}],"curies":[{"name":"wp","href":"https:\/\/api.w.org\/{rel}","templated":true}]}}