{"id":1631,"date":"2023-09-21T14:41:11","date_gmt":"2023-09-21T12:41:11","guid":{"rendered":"https:\/\/pasaenmendoza.com\/?p=1631"},"modified":"2023-09-21T14:41:12","modified_gmt":"2023-09-21T12:41:12","slug":"rodolfo-suarez-anuncio-que-mendoza-sumara-vuelos-a-chile-y-a-lima-para-fortalecer-el-verano","status":"publish","type":"post","link":"https:\/\/pasaenmendoza.com\/?p=1631","title":{"rendered":"Rodolfo Suarez anunci\u00f3 que Mendoza sumar\u00e1 vuelos a Chile y a Lima para fortalecer el verano"},"content":{"rendered":"\n<p><strong>El gobernador Rodolfo Suarez<\/strong>\u00a0anunci\u00f3 este mi\u00e9rcoles que<strong>\u00a0Mendoza tendr\u00e1 m\u00e1s frecuencias a\u00e9reas a Lima y a Chile desde diciembre<\/strong>. Como parte del posicionamiento tur\u00edstico de Mendoza, la ministra de Cultura y Turismo, Nora Vicario, firm\u00f3 junto a autoridades de Latam la ampliaci\u00f3n de los vuelos a esos destinos.<\/p>\n\n\n\n<p>&#8220;Junto con las autoridades de @LATAM_PER, la ministra @noravicario particip\u00f3 de los anuncios de ampliaci\u00f3n de los vuelos Lima-Mendoza a partir del 1\/12 para tener 5 vuelos semanales, se suma tambi\u00e9n el refuerzo de 4 frecuencias m\u00e1s Santiago-Mendoza en enero y febrero&#8221;, anunci\u00f3 Suarez en su cuenta de Twitter.<\/p>\n\n\n\n<p>El mandatario agreg\u00f3 que &#8220;como parte del Plan de Conectividad y Promoci\u00f3n Tur\u00edstica, continuamos generando acciones con la compa\u00f1\u00eda,\u00a0<strong>incrementando la demanda en una ruta estrat\u00e9gica y trabajando en el fortalecimiento de las rutas a\u00e9reas de cara a la temporada de verano<\/strong>&#8220;.<\/p>\n\n\n\n<p>La ruta&nbsp;<strong>Mendoza \u2013 Lima<\/strong>&nbsp;se reestableci\u00f3 en octubre de 2022 y cuenta actualmente con 4 vuelos regulares semanales y&nbsp;<strong>a partir de diciembre ofrecer\u00e1 un vuelo diario de mi\u00e9rcoles a domingo,&nbsp;<\/strong>con una ocupaci\u00f3n con tendencia al crecimiento y consolidaci\u00f3n.<\/p>\n\n\n\n<p>La titular de la cartera de Cultura y Turismo de Mendoza,\u00a0<strong>Nora Vicario,<\/strong>\u00a0agradeci\u00f3 a las autoridades de Latam por el aumento de frecuencias y destac\u00f3 su importancia. \u201cEs un ruta que nos conecta a un hub log\u00edstico fundamental para la regi\u00f3n, en turismo, comercio y negocios\u201d, afirm\u00f3.<\/p>\n\n\n\n<p>Los representantes coincidieron en continuar trabajando para lograr el vuelo diario en esta ruta. \u201cCon acciones de promoci\u00f3n cruzada con Lima, Mendoza busca atraer m\u00e1s visitantes, fomentar los intercambios, potenciar la ruta gastron\u00f3mica a partir del t\u00edtulo de Capital Iberoamericana de Gastronom\u00eda y Vino y la excelente gastronom\u00eda peruana, entre otras oportunidades\u201d, a\u00f1adi\u00f3 Vicario.<\/p>\n\n\n\n<p>La acci\u00f3n fue acompa\u00f1ada por la directora de Promoci\u00f3n Tur\u00edstica, Claudia Yanzon; Sergio Pe\u00f1a, en representaci\u00f3n de la C\u00e1mara de Turismo de Mendoza; Santiago Al\u00e9, Mi Viaje a Mendoza; Fernanda Marianetti, Andesmar Turismo. Adem\u00e1s, la delegaci\u00f3n argentina estuvo integrada por el ministro de Turismo de Salta, Mario Pe\u00f1a; el presidente del Ente Municipal de Turismo y Cultura de Mar del Plata, Bernardo Mart\u00edn y operadores mayoristas como Memo Group, Estuario del Plata, Per\u00fa DMC Argentina, Silvio Magno Viajes y Turismo, Terra Travel, TKT Travel, Holiday Inn Express Buenos Aires, Tremum Hoteles, AssitTravel y AOCA (Asociaci\u00f3n Argentina de Organizadores y proveedores de exposiciones congresos, eventos y bur\u00f3s de Convenciones.<\/p>\n\n\n\n<figure class=\"wp-block-image size-large\"><img decoding=\"async\" loading=\"lazy\" width=\"974\" height=\"1024\" src=\"https:\/\/pasaenmendoza.com\/wp-content\/uploads\/2023\/09\/latam-1-974x1024.webp\" alt=\"\" class=\"wp-image-1635\" srcset=\"https:\/\/pasaenmendoza.com\/wp-content\/uploads\/2023\/09\/latam-1-974x1024.webp 974w, https:\/\/pasaenmendoza.com\/wp-content\/uploads\/2023\/09\/latam-1-285x300.webp 285w, https:\/\/pasaenmendoza.com\/wp-content\/uploads\/2023\/09\/latam-1-768x807.webp 768w, https:\/\/pasaenmendoza.com\/wp-content\/uploads\/2023\/09\/latam-1-150x158.webp 150w, https:\/\/pasaenmendoza.com\/wp-content\/uploads\/2023\/09\/latam-1-300x315.webp 300w, https:\/\/pasaenmendoza.com\/wp-content\/uploads\/2023\/09\/latam-1-696x731.webp 696w, https:\/\/pasaenmendoza.com\/wp-content\/uploads\/2023\/09\/latam-1-1068x1122.webp 1068w, https:\/\/pasaenmendoza.com\/wp-content\/uploads\/2023\/09\/latam-1.webp 1200w\" sizes=\"(max-width: 974px) 100vw, 974px\" \/><\/figure>\n\n\n\n<h2 class=\"wp-block-heading\">Mendoza con mayor conectividad<\/h2>\n\n\n\n<p><strong>Ruta Lima\/ Mendoza<\/strong><\/p>\n\n\n\n<p>Latam agreg\u00f3 a su oferta un vuelo m\u00e1s y pasar\u00e1 a 5 vuelos regulares de mi\u00e9rcoles a domingos.<\/p>\n\n\n\n<p><strong>Ruta Santiago\/ Mendoza<\/strong><\/p>\n\n\n\n<p>Latam anunci\u00f3 4 frecuencias de refuerzo de temporada enero y febrero en la ruta Santiago de Chile \/ Mendoza que pasar\u00e1 de 8 a 12 frecuencias semanales.<\/p>\n\n\n\n<p><strong>Ruta R\u00edo\/ Mendoza<\/strong><\/p>\n\n\n\n<p>Aerol\u00edneas Argentinas anunci\u00f3 2 frecuencias semanales de enero a marzo de 2024. Vuelo de temporada de verano con la posibilidad de que pase a vuelo regular.<\/p>\n\n\n\n<p><strong>Fuente: www.diariouno.com.ar<\/strong><\/p>\n","protected":false},"excerpt":{"rendered":"<p>El gobernador Rodolfo Suarez\u00a0anunci\u00f3 este mi\u00e9rcoles que\u00a0Mendoza tendr\u00e1 m\u00e1s frecuencias a\u00e9reas a Lima y a Chile desde diciembre. Como parte del posicionamiento tur\u00edstico de Mendoza, la ministra de Cultura y Turismo, Nora Vicario, firm\u00f3 junto a autoridades de Latam la ampliaci\u00f3n de los vuelos a esos destinos. &#8220;Junto con las autoridades de @LATAM_PER, la ministra [&hellip;]<\/p>\n","protected":false},"author":2,"featured_media":1637,"comment_status":"open","ping_status":"open","sticky":false,"template":"","format":"standard","meta":[],"categories":[64],"tags":[],"_links":{"self":[{"href":"https:\/\/pasaenmendoza.com\/index.php?rest_route=\/wp\/v2\/posts\/1631"}],"collection":[{"href":"https:\/\/pasaenmendoza.com\/index.php?rest_route=\/wp\/v2\/posts"}],"about":[{"href":"https:\/\/pasaenmendoza.com\/index.php?rest_route=\/wp\/v2\/types\/post"}],"author":[{"embeddable":true,"href":"https:\/\/pasaenmendoza.com\/index.php?rest_route=\/wp\/v2\/users\/2"}],"replies":[{"embeddable":true,"href":"https:\/\/pasaenmendoza.com\/index.php?rest_route=%2Fwp%2Fv2%2Fcomments&post=1631"}],"version-history":[{"count":1,"href":"https:\/\/pasaenmendoza.com\/index.php?rest_route=\/wp\/v2\/posts\/1631\/revisions"}],"predecessor-version":[{"id":1640,"href":"https:\/\/pasaenmendoza.com\/index.php?rest_route=\/wp\/v2\/posts\/1631\/revisions\/1640"}],"wp:featuredmedia":[{"embeddable":true,"href":"https:\/\/pasaenmendoza.com\/index.php?rest_route=\/wp\/v2\/media\/1637"}],"wp:attachment":[{"href":"https:\/\/pasaenmendoza.com\/index.php?rest_route=%2Fwp%2Fv2%2Fmedia&parent=1631"}],"wp:term":[{"taxonomy":"category","embeddable":true,"href":"https:\/\/pasaenmendoza.com\/index.php?rest_route=%2Fwp%2Fv2%2Fcategories&post=1631"},{"taxonomy":"post_tag","embeddable":true,"href":"https:\/\/pasaenmendoza.com\/index.php?rest_route=%2Fwp%2Fv2%2Ftags&post=1631"}],"curies":[{"name":"wp","href":"https:\/\/api.w.org\/{rel}","templated":true}]}}