{"id":1641,"date":"2023-09-21T14:53:06","date_gmt":"2023-09-21T12:53:06","guid":{"rendered":"https:\/\/pasaenmendoza.com\/?p=1641"},"modified":"2023-09-21T14:53:07","modified_gmt":"2023-09-21T12:53:07","slug":"dia-de-la-sanidad-en-mendoza-como-atenderan-los-hospitales-vacunatorios-y-centros-de-salud","status":"publish","type":"post","link":"https:\/\/pasaenmendoza.com\/?p=1641","title":{"rendered":"D\u00eda de la Sanidad en Mendoza: c\u00f3mo atender\u00e1n los hospitales, vacunatorios y centros de salud"},"content":{"rendered":"\n<p>El Ministerio de Salud de Mendoza declar\u00f3 asueto para conmemorar el D\u00eda de la Sanidad.\u00a0La medida regir\u00e1 a partir de las 7 de este jueves en los hospitales y centros de salud, donde<strong>\u00a0no atender\u00e1n consultas programadas en consultorio<\/strong>.<\/p>\n\n\n\n<p>Desde el Gobierno provincial se inform\u00f3 que<strong>&nbsp;hospitales y centros de salud funcionar\u00e1n como si fuese un domingo o feriado y no se prestar\u00e1 servicio de vacunaci\u00f3n.<\/strong><\/p>\n\n\n\n<p>La resoluci\u00f3n emitida por la cartera sanitaria establece que&nbsp;<strong>\u201clos se\u00f1ores directores y jefes de las reparticiones centralizadas y descentralizadas deber\u00e1n adoptar las medidas pertinentes a efectos de establecer las guardias necesarias<\/strong>&nbsp;para el funcionamiento de los servicios del ministerio\u201d.<\/p>\n\n\n\n<p><strong>Los servicios de guardias estar\u00e1n garantizados<\/strong>\u00a0en todo el territorio provincial. Por eso, se solicita a la comunidad, ante una emergencia, no dudar en concurrir al centro asistencial m\u00e1s cercano.<\/p>\n\n\n\n<h2 class=\"wp-block-heading\"><strong>D\u00eda de la Sanidad<\/strong><\/h2>\n\n\n\n<p>El 21 de septiembre se celebra el<strong>&nbsp;D\u00eda de la Sanidad en homenaje al trabajo que realiza todo el personal del sector de la salu<\/strong>d.<\/p>\n\n\n\n<p>Ese d\u00eda, pero de 1935, se cre\u00f3 la Asociaci\u00f3n del Personal de Hospitales y Sanatorios Particulares de la Ciudad de Buenos Aires, fruto de la lucha por el reconocimiento de derechos laborales de los trabajadores de la salud.<\/p>\n\n\n\n<p>Tambi\u00e9n un 21 de septiembre, pero de 1941, se fund\u00f3 la Obra Social del Personal de la Sanidad Argentina, declar\u00e1ndose oficialmente ese d\u00eda como el D\u00eda de la Sanidad.<\/p>\n\n\n\n<p><strong>Fuente: www.diariouno.com.ar<\/strong><\/p>\n","protected":false},"excerpt":{"rendered":"<p>El Ministerio de Salud de Mendoza declar\u00f3 asueto para conmemorar el D\u00eda de la Sanidad.\u00a0La medida regir\u00e1 a partir de las 7 de este jueves en los hospitales y centros de salud, donde\u00a0no atender\u00e1n consultas programadas en consultorio. Desde el Gobierno provincial se inform\u00f3 que&nbsp;hospitales y centros de salud funcionar\u00e1n como si fuese un domingo [&hellip;]<\/p>\n","protected":false},"author":2,"featured_media":1642,"comment_status":"open","ping_status":"open","sticky":false,"template":"","format":"standard","meta":[],"categories":[58],"tags":[],"_links":{"self":[{"href":"https:\/\/pasaenmendoza.com\/index.php?rest_route=\/wp\/v2\/posts\/1641"}],"collection":[{"href":"https:\/\/pasaenmendoza.com\/index.php?rest_route=\/wp\/v2\/posts"}],"about":[{"href":"https:\/\/pasaenmendoza.com\/index.php?rest_route=\/wp\/v2\/types\/post"}],"author":[{"embeddable":true,"href":"https:\/\/pasaenmendoza.com\/index.php?rest_route=\/wp\/v2\/users\/2"}],"replies":[{"embeddable":true,"href":"https:\/\/pasaenmendoza.com\/index.php?rest_route=%2Fwp%2Fv2%2Fcomments&post=1641"}],"version-history":[{"count":1,"href":"https:\/\/pasaenmendoza.com\/index.php?rest_route=\/wp\/v2\/posts\/1641\/revisions"}],"predecessor-version":[{"id":1643,"href":"https:\/\/pasaenmendoza.com\/index.php?rest_route=\/wp\/v2\/posts\/1641\/revisions\/1643"}],"wp:featuredmedia":[{"embeddable":true,"href":"https:\/\/pasaenmendoza.com\/index.php?rest_route=\/wp\/v2\/media\/1642"}],"wp:attachment":[{"href":"https:\/\/pasaenmendoza.com\/index.php?rest_route=%2Fwp%2Fv2%2Fmedia&parent=1641"}],"wp:term":[{"taxonomy":"category","embeddable":true,"href":"https:\/\/pasaenmendoza.com\/index.php?rest_route=%2Fwp%2Fv2%2Fcategories&post=1641"},{"taxonomy":"post_tag","embeddable":true,"href":"https:\/\/pasaenmendoza.com\/index.php?rest_route=%2Fwp%2Fv2%2Ftags&post=1641"}],"curies":[{"name":"wp","href":"https:\/\/api.w.org\/{rel}","templated":true}]}}