{"id":1650,"date":"2023-09-22T13:34:40","date_gmt":"2023-09-22T11:34:40","guid":{"rendered":"https:\/\/pasaenmendoza.com\/?p=1650"},"modified":"2023-09-22T13:34:41","modified_gmt":"2023-09-22T11:34:41","slug":"los-vinculos-politicos-de-walter-bento-que-sugirio-uno-de-los-testigos","status":"publish","type":"post","link":"https:\/\/pasaenmendoza.com\/?p=1650","title":{"rendered":"Los v\u00ednculos pol\u00edticos de Walter Bento que sugiri\u00f3 uno de los testigos"},"content":{"rendered":"\n<p>Esta semana desfilaron distintos testigos en la causa que tiene como principal imputado al juez federal\u00a0<strong>Walter Bento<\/strong>. El mi\u00e9rcoles uno de los que se sent\u00f3 en el banquillo para responder preguntas de la fiscal\u00eda fue el abogado\u00a0<strong>Carlos Varela \u00c1lvarez\u00a0<\/strong>y dio detalles sobre decisiones procesales del juzgado de Bento que a \u00e9l le hicieron encender las alarmas. &#8220;Hace a\u00f1os Omar Venier me dijo que tenga cuidado cuando las causas se duermen o cuando cambien de calificaci\u00f3n. Su mensaje me qued\u00f3 grabado&#8221;, manifest\u00f3\u00a0<strong>Varela \u00c1lvarez<\/strong>\u00a0ante el tribunal oral y dio varios ejemplos que involucran al magistrado. Uno involucra a un protegido del &#8220;Chueco&#8221; Juan Carlos Mazz\u00f3n y otro al exintendente de Guaymall\u00e9n, Luis Lobos.<\/p>\n\n\n\n<p>En el caso de Lobos las sospechas son contundentes y\u00a0<strong>Varela \u00c1lvarez\u00a0<\/strong>fue protagonista de la historia. \u00c9l fue quien investig\u00f3 el crecimiento patrimonial de Lobos y junto a un grupo de abogados acompa\u00f1\u00f3 la denuncia que presentaron concejales del Frente de Izquierda contra el jefe comunal. Pero las vueltas de la vida quisieron que su amigo personal, el abogado Omar Venier, asumiera la defensa de Lobos.<\/p>\n\n\n\n<p>A Lobos lo denunciaron enriquecimiento il\u00edcito ante la justicia provincial \u00a0pero tambi\u00e9n se le inici\u00f3 una causa por lavado de activos en Tribunales Federales.\u00a0&#8220;Una noche me llama (Omar Venier)\u00a0al tel\u00e9fono fijo de mi casa y me dijo: &#8216;la causa de lavado de activos, no va a andar. Te quiero avisar, porque yo no juego as\u00ed. Esa causa va a quedar quieta. No me eches la culpa a mi. Despu\u00e9s te cuento&#8217;. Y as\u00ed fue porque la causa nunca se movi\u00f3&#8221;, destac\u00f3 Varela \u00c1lvarez dando a entender que se pis\u00f3 el expediente en el juzgado de\u00a0<strong>Walter Bento<\/strong>. Incluso, remarc\u00f3 que cuando desde la causa provincial solicitaron lo actuado por la Justicia Federal constataron que hab\u00eda muchos oficios pero ning\u00fan resultado concreto.<\/p>\n\n\n\n<p>Seg\u00fan\u00a0<strong>Carlos Varela \u00c1lvarez<\/strong>, esa fue la segunda luz de alarma respecto a la transparencia de ese juzgado. En ese sentido, remarc\u00f3 que la primera alarma se hab\u00eda encendido a\u00f1os antes con un caso que lleg\u00f3 a o\u00eddos suyos por parte de terceros. Espec\u00edficamente, involucraba a un funcionario de Irrigaci\u00f3n vinculado a Juan Carlos Mazz\u00f3n y una causa de drogas que nunca avanz\u00f3. El caso involucraba a Jorge &#8220;Caballo&#8221; Villal\u00f3n que enfrentaba acusaciones por la concesi\u00f3n irregular de pozos de agua de Irrigaci\u00f3n. &#8220;Lo que se comentaba era que adem\u00e1s hab\u00eda tenido un tema de drogas en la justicia federal pero que era un hombre de Mass\u00f3n y que en el juzgado -o secretar\u00eda, no recuerdo- de\u00a0<strong>Bento\u00a0<\/strong>se lo hab\u00eda sobrese\u00eddo a pesar de que hab\u00edan pruebas. Esa fue la primera alarma respecto a\u00a0<strong>Bento<\/strong>.<\/p>\n\n\n\n<p>&#8220;Despu\u00e9s me junt\u00e9 con Venier pero\u00a0no quiso decirme m\u00e1s. Yo le dije que lo que me coment\u00f3 me\u00a0 llamaba la atenci\u00f3n y que iba a estar atento porque no me parec\u00eda bien.\u00a0Le ped\u00ed que si algo mas le llamaba la atenci\u00f3n me avisara&#8221;, manifest\u00f3 el abogado ante el tribunal. Desde entonces,<strong>\u00a0Varela \u00c1lvarez<\/strong>\u00a0empez\u00f3 a anotar cada dato que le resultaba extra\u00f1o en el juzgado de Bento. Cosas que se enteraba hablando con colegas y que encuadraban en lo que el propio Venier le dijo que deb\u00eda observar: cambios de calificaci\u00f3n y causas que no avanzan.\u00a0<\/p>\n\n\n\n<p>&#8220;Fui anotando todo lo que me enteraba. Cambios de calificaci\u00f3n, datos que me llamaban la atenci\u00f3n&#8221;, remarc\u00f3 Varela \u00c1lvarez y mencion\u00f3 hechos que no forman parte del requerimiento de elevaci\u00f3n a juicio como conflictos con un hipermercado o el caso del prost\u00edbulo VIP que funcionaba en la calle 25 de mayo. &#8220;La situaci\u00f3n escala cuando aparece la informaci\u00f3n respecto a Diego Aliaga. Los medios hablaban de una persona ajena a la justicia que ten\u00eda una relaci\u00f3n con el juez y abogados.&nbsp;Decid\u00ed poner en conocimiento de la fiscal\u00eda la informaci\u00f3n que ten\u00eda&#8221;, narr\u00f3.<\/p>\n\n\n\n<p>En sus apuntes, el propio&nbsp;<strong>Varela \u00c1lvarez<\/strong>&nbsp;hab\u00eda notado que hab\u00eda abogados que consegu\u00edan cosas que a otros les rechazaban. &#8220;El doctor&nbsp;Luciano Ortego, Javier Angeletti, Jaime Alba. En los casos que se iban mencionando aparec\u00edan estas personas con m\u00e1s frecuencia. Eso lo note antes de que apareciera lo de Aliaga&#8221;, asegur\u00f3 y mencion\u00f3 como un caso testigo el de la excarcelaci\u00f3n de Eugenio Nasi por un problema de hemorroides.<\/p>\n\n\n\n<p>&#8220;El caso del chino -Cheng Zheng por contrabando- algunos colegas comentaban que llamaba la atenci\u00f3n los motivos de la excarcelaci\u00f3n del se\u00f1or Nasi y que le hab\u00edan entregado la plata de su fianza. Para los dem\u00e1s abogados siempre fueron dif\u00edciles las excarcelaciones y exenci\u00f3n de prisi\u00f3n. Algunos abogados, como De Casas, siempre hicieron referencia de que los hab\u00edan apartado de la causa. Eso es lo que me llamaba la atenci\u00f3n y lo anot\u00e9&#8221;, agreg\u00f3.&nbsp;<\/p>\n\n\n\n<p>Sin embargo, Varela \u00c1lvarez aclar\u00f3 que todo lo expresado lo escuch\u00f3 por terceros y dijo que le corresponder\u00e1 al tribunal determinar si las medidas judiciales cuestionadas estuvieron bien otorgadas. Incluso, adhiri\u00f3 que no puede afirmar que hayan existido pagos indebidos porque no tiene pruebas de ello.<\/p>\n\n\n\n<p>FUENTE: mdzonline.<\/p>\n","protected":false},"excerpt":{"rendered":"<p>Esta semana desfilaron distintos testigos en la causa que tiene como principal imputado al juez federal\u00a0Walter Bento. El mi\u00e9rcoles uno de los que se sent\u00f3 en el banquillo para responder preguntas de la fiscal\u00eda fue el abogado\u00a0Carlos Varela \u00c1lvarez\u00a0y dio detalles sobre decisiones procesales del juzgado de Bento que a \u00e9l le hicieron encender las [&hellip;]<\/p>\n","protected":false},"author":2,"featured_media":1651,"comment_status":"open","ping_status":"open","sticky":true,"template":"","format":"standard","meta":[],"categories":[51],"tags":[],"_links":{"self":[{"href":"https:\/\/pasaenmendoza.com\/index.php?rest_route=\/wp\/v2\/posts\/1650"}],"collection":[{"href":"https:\/\/pasaenmendoza.com\/index.php?rest_route=\/wp\/v2\/posts"}],"about":[{"href":"https:\/\/pasaenmendoza.com\/index.php?rest_route=\/wp\/v2\/types\/post"}],"author":[{"embeddable":true,"href":"https:\/\/pasaenmendoza.com\/index.php?rest_route=\/wp\/v2\/users\/2"}],"replies":[{"embeddable":true,"href":"https:\/\/pasaenmendoza.com\/index.php?rest_route=%2Fwp%2Fv2%2Fcomments&post=1650"}],"version-history":[{"count":1,"href":"https:\/\/pasaenmendoza.com\/index.php?rest_route=\/wp\/v2\/posts\/1650\/revisions"}],"predecessor-version":[{"id":1652,"href":"https:\/\/pasaenmendoza.com\/index.php?rest_route=\/wp\/v2\/posts\/1650\/revisions\/1652"}],"wp:featuredmedia":[{"embeddable":true,"href":"https:\/\/pasaenmendoza.com\/index.php?rest_route=\/wp\/v2\/media\/1651"}],"wp:attachment":[{"href":"https:\/\/pasaenmendoza.com\/index.php?rest_route=%2Fwp%2Fv2%2Fmedia&parent=1650"}],"wp:term":[{"taxonomy":"category","embeddable":true,"href":"https:\/\/pasaenmendoza.com\/index.php?rest_route=%2Fwp%2Fv2%2Fcategories&post=1650"},{"taxonomy":"post_tag","embeddable":true,"href":"https:\/\/pasaenmendoza.com\/index.php?rest_route=%2Fwp%2Fv2%2Ftags&post=1650"}],"curies":[{"name":"wp","href":"https:\/\/api.w.org\/{rel}","templated":true}]}}