{"id":1653,"date":"2023-09-22T13:46:21","date_gmt":"2023-09-22T11:46:21","guid":{"rendered":"https:\/\/pasaenmendoza.com\/?p=1653"},"modified":"2023-09-22T13:46:23","modified_gmt":"2023-09-22T11:46:23","slug":"la-danza-de-nombres-para-conformar-la-nueva-legislatura","status":"publish","type":"post","link":"https:\/\/pasaenmendoza.com\/?p=1653","title":{"rendered":"La danza de nombres para conformar la &#8220;nueva&#8221; Legislatura"},"content":{"rendered":"\n<p>\u00a0Por cuestiones obvias, la puja por la gobernaci\u00f3n se lleva todas las miradas en las elecciones que se realizar\u00e1n el\u00a0pr\u00f3ximo domingo 24 de septiembre\u00a0en\u00a0<strong>Mendoza<\/strong>. Adem\u00e1s, los comicios tienen un agregado departamental muy importante porque los once municipios que no desdoblaron votar\u00e1n por sus nuevas intendencias.<\/p>\n\n\n\n<p>\u00a0Por cuestiones obvias, la puja por la gobernaci\u00f3n se lleva todas las miradas en las elecciones que se realizar\u00e1n el\u00a0pr\u00f3ximo domingo 24 de septiembre\u00a0en\u00a0<strong>Mendoza<\/strong>. Adem\u00e1s, los comicios tienen un agregado departamental muy importante porque los once municipios que no desdoblaron votar\u00e1n por sus nuevas intendencias.<\/p>\n\n\n\n<p>\u00bfQu\u00e9 se vota para la Legislatura?<\/p>\n\n\n\n<p>La ciudadan\u00eda elegir\u00e1 6 senadores provinciales titulares, 8 diputados provinciales titulares por la 1\u00b0 secci\u00f3n electoral\u00a0<em>(Ciudad,\u00a0Guaymall\u00e9n,\u00a0Las Heras,\u00a0Lavalle).<\/em><\/p>\n\n\n\n<p>Ser\u00e1n 5 senadores provinciales titulares, 6 diputados provinciales titulares por la 2\u00b0 secci\u00f3n electoral\u00a0<em>(Jun\u00edn,\u00a0La Paz,\u00a0Maip\u00fa,\u00a0Rivadavia,\u00a0Santa Rosa,\u00a0San Mart\u00edn).<\/em><\/p>\n\n\n\n<p>Adem\u00e1s, 4 senadores provinciales titulares, 5 diputados provinciales titulares por la 3\u00b0 secci\u00f3n electoral\u00a0<em>(Godoy Cruz,\u00a0Luj\u00e1n de Cuyo,\u00a0San Carlos,\u00a0Tunuy\u00e1n,\u00a0Tupungato)<\/em>,\u00a0<\/p>\n\n\n\n<p>Y 4 senadores provinciales titulares, 5 diputados provinciales titulares por la 4\u00b0 secci\u00f3n electoral\u00a0<em>(General Alvear,\u00a0Malarg\u00fce,\u00a0San Rafael).<\/em><\/p>\n\n\n\n<p>Los legisladores remplazar\u00e1n los mandatos que expiran el 30 de abril de 2024.<\/p>\n\n\n\n<p><strong>Natacha Eisenchlas<\/strong>&nbsp;y&nbsp;<strong>Mercedes Rus<\/strong>&nbsp;(Cambia Mendoza) y&nbsp;<strong>Mauricio Sat<\/strong>&nbsp;e<strong>&nbsp;Hilda Quiroga&nbsp;<\/strong>(Frente Eleg\u00ed) se presentan para seguir en el Senado.<\/p>\n\n\n\n<p><strong>Andr\u00e9s Lombardi, Jos\u00e9 Mar\u00eda Videla, Sandra Astudillo<\/strong>\u00a0(Cambia Mendoza),<strong>\u00a0Jorge Difonso\u00a0<\/strong>y<strong>\u00a0Gustavo Cairo\u00a0<\/strong>(La Uni\u00f3n Mendocina) y\u00a0<strong>Marisa Garnica<\/strong>\u00a0y\u00a0<strong>Germ\u00e1n G\u00f3mez\u00a0<\/strong>(Frente Eleg\u00ed) se presentan para continuar en Diputados.<\/p>\n\n\n\n<p><strong>Paula Zelaya<\/strong>&nbsp;y<strong>&nbsp;Josefina Canale<\/strong>&nbsp;(Cambia Mendoza) y&nbsp;<strong>Duilio Pezzutti<\/strong>&nbsp;(Frente Eleg\u00ed) dejar\u00e1n sus bancas en Diputados pero se presentan para el Senado.<\/p>\n\n\n\n<p>Apostaron a otros cargos<\/p>\n\n\n\n<p><strong>Edgardo Gonz\u00e1lez\u00a0<\/strong>(Frente Eleg\u00ed), vicepresidente 1\u00b0 de Diputados, termina su mandato y no fue candidato para la Legislatura. Gan\u00f3 la interna peronista en Lavalle, derrotando a Gerardo Vaquer &#8211;<em>hombre de Roberto Righi-<\/em>, y luego se impuso con comodidad en las municipales para transformarse en el nuevo intendente a partir de diciembre.<\/p>\n\n\n\n<p><strong>Mercedes Llano\u00a0<\/strong>(Partido Dem\u00f3crata) tambi\u00e9n finaliza su mandato y su futuro est\u00e1 con vistas al Congreso: es la primera candidata de La Libertad Avanza para ser diputada nacional por Mendoza y fue la m\u00e1s votada en las PASO nacionales del 13 de agosto.<\/p>\n\n\n\n<p><strong>Lucas Ilardo\u00a0<\/strong>tambi\u00e9n finaliza su mandato y est\u00e1 como candidato a vicegobernador de\u00a0Omar Parisi\u00a0en el Frente Eleg\u00ed.\u00a0<\/p>\n\n\n\n<p>Por su funci\u00f3n de vicegobernador,&nbsp;<strong>Mario Abed&nbsp;<\/strong>es el presidente de la C\u00e1mara de Senadores: su nuevo rumbo es Jun\u00edn, donde es candidato de Cambia Mendoza para la intendencia, un cargo que conoce bien al lograr estar cuatro mandatos consecutivos (2003-2019). Fue el m\u00e1s votado en las PASO municipales y parece encaminarse.<\/p>\n\n\n\n<p>Hay que tener en cuenta que\u00a0<strong>Omar F\u00e9lix\u00a0<\/strong>(Frente Eleg\u00ed) dejar\u00e1 su banca de diputado al ser electo intendente de San Rafael. Lo reemplazar\u00e1 Gustavo Perret.<\/p>\n\n\n\n<p>El efecto F\u00e9lix y \u00bfm\u00e1s cambios de nombres?<\/p>\n\n\n\n<p>Varios de los a\u00fan legisladores y legisladoras para el periodo 2022-2026 pueden dejar sus bancas tal como ocurrir\u00e1 con Omar F\u00e9lix, dado que son candidatos y candidatas en los municipios.<\/p>\n\n\n\n<p>Esa situaci\u00f3n puede darse en Diputados, por ejemplo, con\u00a0<strong>Diego Costarelli\u00a0<\/strong>(candidato a intendente de Godoy Cruz por Cambia Mendoza),\u00a0<strong>Natalia Vicencio<\/strong>\u00a0(candidata a intendenta de Guaymall\u00e9n por el Frente Eleg\u00ed),\u00a0<strong>Mauricio Di C\u00e9sare\u00a0<\/strong>(candidato a intendente de Rivadavia por Cambia Mendoza).<\/p>\n\n\n\n<p>Por su parte, tambi\u00e9n ocurrir\u00eda lo mismo con&nbsp;<strong>Emanuel Fugazzotto<\/strong>, quien es candidato a vicegobernador por el Partido Verde y tiene mandato legislativo hasta 2026.<\/p>\n\n\n\n<p>En el Senado tambi\u00e9n podr\u00eda ocurrir con&nbsp;<strong>Gabriel Pradines&nbsp;<\/strong>(candidato a intendente de Guaymall\u00e9n por La Uni\u00f3n Mendocina) y<strong>&nbsp;Adriana Cano<\/strong>&nbsp;(candidata a intendenta de Las Heras por el Frente Eleg\u00ed).<\/p>\n\n\n\n<p>Llegan los intendentes y las figuras conocidas<\/p>\n\n\n\n<p>En las PASO, Cambia Mendoza gan\u00f3 en los cuatro distritos electorales, tanto en senadores como en diputados. Por eso quienes encabezan sus listas tienen &#8220;casi asegurado&#8221; un lugar en la nueva conformaci\u00f3n de la Legislatura.<\/p>\n\n\n\n<p>Entre ellos se encuentran 4 intendentes radicales que en diciembre terminan sus mandatos:\u00a0<strong>Marcelino Iglesias<\/strong>\u00a0en Guaymall\u00e9n (primer lugar para el Senado por la 1\u00b0 secci\u00f3n),\u00a0<strong>Gustavo Soto<\/strong>\u00a0en Tupungato (primer lugar para el Senado por la 3\u00b0 secci\u00f3n),\u00a0<strong>Walther Marcolini<\/strong>\u00a0en General Alvear (primer lugar para el Senado por la 4\u00b0 secci\u00f3n) y\u00a0<strong>Miguel Ronco<\/strong>\u00a0en Rivadavia (primer lugar para Diputados por la 2\u00b0 secci\u00f3n).<\/p>\n\n\n\n<p>A esta lista hay que agregarle a<strong>&nbsp;Rolando Scanio<\/strong>, intendente de San Carlos que en diciembre finaliza su ciclo al frente de la comuna, qui\u00e9n est\u00e1 en el primer lugar para Diputados por la 3\u00b0 secci\u00f3n en La Uni\u00f3n Mendocina.<\/p>\n\n\n\n<p>En Cambia Mendoza se presentan varias caras conocidas. Una es\u00a0<strong>Elizabeth Crescitelli<\/strong>, ministra de Salud, Desarrollo Social y Deportes durante el gobierno de\u00a0Alfredo Cornejo\u00a0(2017-2019). Actualmente se desempe\u00f1a como secretaria de Hacienda en San Mart\u00edn. Est\u00e1 como en el segundo lugar para Diputados por la 2\u00b0 secci\u00f3n, detr\u00e1s de Ronco.<\/p>\n\n\n\n<p>Tambi\u00e9n se encuentra\u00a0<strong>Alejandro Ver\u00f3n<\/strong>, subsecretario de Desarrollo Social;<strong>\u00a0Beatriz Mart\u00ednez<\/strong>, actual subsecretaria de Gesti\u00f3n P\u00fablica y Modernizaci\u00f3n del Estado; varios funcionarios de la Municipalidad de Godoy Cruz como\u00a0<strong>C\u00e9sar Catt\u00e1neo<\/strong>,\u00a0<strong>\u00c9rica Pulido<\/strong>\u00a0y\u00a0<strong>Yamel Jainen Ases<\/strong>;\u00a0<strong>Sol Salinas<\/strong>, concejala de Ciudad y una de las voces fuertes del PRO de\u00a0Patricia Bullrich\u00a0en la provincia, y el reconocido empresario\u00a0<strong>Julio Totero.<\/strong><\/p>\n\n\n\n<p>La Uni\u00f3n Mendocina, adem\u00e1s de Scanio, tiene a\u00a0<strong>Janina Ortiz<\/strong>, secretaria de Gobierno de Las Heras, esposa del intendente Daniel Orozco e involucrada en\u00a0diversas causas judiciales. Ocupa el segundo lugar para Diputados por la 1\u00b0 secci\u00f3n.<\/p>\n\n\n\n<p>Tambi\u00e9n presenta a\u00a0<strong>Jos\u00e9 Pedro Caviglia<\/strong>, quien ha tomado mucha relevancia en las \u00faltimas semanas luego del triunfo de\u00a0Javier Milei\u00a0en las PASO nacionales: es uno de los apoderados del Partido Libertario en Mendoza. Est\u00e1 en el tercer lugar para Diputados por la 1\u00b0 secci\u00f3n.<\/p>\n\n\n\n<p>Omar De Marchi\u00a0tambi\u00e9n sum\u00f3 a\u00a0<strong>Ariel Pringles<\/strong>, sindicalista y exfuncionario durante los gobiernos peronistas mendocinos. Est\u00e1 en el primer lugar para Diputados por la 3\u00b0 secci\u00f3n.<\/p>\n\n\n\n<p>El Frente Eleg\u00ed cuenta con<strong>\u00a0Marisa Uceda<\/strong>, quien termina su mandato como diputada nacional por Mendoza en diciembre (2019-2023). Est\u00e1 en el primer lugar para el Senado por la 3\u00b0 secci\u00f3n.<\/p>\n\n\n\n<p>Tambi\u00e9n cuentan con\u00a0<strong>Gabriela Lizana<\/strong>, directora de BICE Fideicomisos SA, referente del Frente Renovador en Mendoza y la figura m\u00e1s cercana a\u00a0Sergio Massa\u00a0que tiene la provincia. Est\u00e1 en el primer lugar para Diputados por la 2\u00b0 secci\u00f3n.<\/p>\n\n\n\n<p>Adem\u00e1s,&nbsp;<strong>Mart\u00edn Hinojosa<\/strong>&nbsp;se encuentra en el tercer lugar para Diputados por la 3\u00b0 secci\u00f3n. El titular del INV (Instituto Nacional de Vitivinicultura) hab\u00eda sido el primer peronista en anunciar su precandidatura a la gobernaci\u00f3n, aunque luego desisti\u00f3. Fue secretario de Industria de Mendoza (2011-2015) durante el gobierno de Francisco P\u00e9rez y secretario de Gobierno de Tunuy\u00e1n.<\/p>\n\n\n\n<p>El Partido Verde presenta a un hist\u00f3rico dirigente radical,&nbsp;<strong>Dugar Chappel<\/strong>, quien se march\u00f3 de la UCR molesto con la dirigencia. Est\u00e1 en el primer lugar para Diputados por la 1\u00b0 secci\u00f3n.<\/p>\n\n\n\n<p>El FIT-Unidad tiene a varias figuras representativas de la izquierda local, como\u00a0<strong>Marcia Marianetti<\/strong>,\u00a0<strong>Nicol\u00e1s Fern\u00e1ndez<\/strong>,\u00a0<strong>Mart\u00edn Lecea<\/strong>\u00a0y\u00a0<strong>Laura Espeche<\/strong>, entre otros. Tambi\u00e9n resalta la participaci\u00f3n de\u00a0<strong>Raquel Blas\u00a0<\/strong>(est\u00e1 en el tercer lugar para Diputados por la 3\u00b0 secci\u00f3n), reconocida dirigente gremial de ATE en la provincia.<\/p>\n\n\n\n<p>FUENTE: mendozapost.<\/p>\n","protected":false},"excerpt":{"rendered":"<p>\u00a0Por cuestiones obvias, la puja por la gobernaci\u00f3n se lleva todas las miradas en las elecciones que se realizar\u00e1n el\u00a0pr\u00f3ximo domingo 24 de septiembre\u00a0en\u00a0Mendoza. Adem\u00e1s, los comicios tienen un agregado departamental muy importante porque los once municipios que no desdoblaron votar\u00e1n por sus nuevas intendencias. \u00a0Por cuestiones obvias, la puja por la gobernaci\u00f3n se lleva [&hellip;]<\/p>\n","protected":false},"author":2,"featured_media":1654,"comment_status":"open","ping_status":"open","sticky":true,"template":"","format":"standard","meta":[],"categories":[47],"tags":[],"_links":{"self":[{"href":"https:\/\/pasaenmendoza.com\/index.php?rest_route=\/wp\/v2\/posts\/1653"}],"collection":[{"href":"https:\/\/pasaenmendoza.com\/index.php?rest_route=\/wp\/v2\/posts"}],"about":[{"href":"https:\/\/pasaenmendoza.com\/index.php?rest_route=\/wp\/v2\/types\/post"}],"author":[{"embeddable":true,"href":"https:\/\/pasaenmendoza.com\/index.php?rest_route=\/wp\/v2\/users\/2"}],"replies":[{"embeddable":true,"href":"https:\/\/pasaenmendoza.com\/index.php?rest_route=%2Fwp%2Fv2%2Fcomments&post=1653"}],"version-history":[{"count":1,"href":"https:\/\/pasaenmendoza.com\/index.php?rest_route=\/wp\/v2\/posts\/1653\/revisions"}],"predecessor-version":[{"id":1655,"href":"https:\/\/pasaenmendoza.com\/index.php?rest_route=\/wp\/v2\/posts\/1653\/revisions\/1655"}],"wp:featuredmedia":[{"embeddable":true,"href":"https:\/\/pasaenmendoza.com\/index.php?rest_route=\/wp\/v2\/media\/1654"}],"wp:attachment":[{"href":"https:\/\/pasaenmendoza.com\/index.php?rest_route=%2Fwp%2Fv2%2Fmedia&parent=1653"}],"wp:term":[{"taxonomy":"category","embeddable":true,"href":"https:\/\/pasaenmendoza.com\/index.php?rest_route=%2Fwp%2Fv2%2Fcategories&post=1653"},{"taxonomy":"post_tag","embeddable":true,"href":"https:\/\/pasaenmendoza.com\/index.php?rest_route=%2Fwp%2Fv2%2Ftags&post=1653"}],"curies":[{"name":"wp","href":"https:\/\/api.w.org\/{rel}","templated":true}]}}