{"id":1656,"date":"2023-09-22T13:50:42","date_gmt":"2023-09-22T11:50:42","guid":{"rendered":"https:\/\/pasaenmendoza.com\/?p=1656"},"modified":"2023-09-22T13:50:43","modified_gmt":"2023-09-22T11:50:43","slug":"suarez-nosotros-no-somos-un-rejunte-de-ultimo-momento","status":"publish","type":"post","link":"https:\/\/pasaenmendoza.com\/?p=1656","title":{"rendered":"Suarez: &#8220;Nosotros no somos un rejunte de \u00faltimo momento&#8221;"},"content":{"rendered":"\n<p> El gobernador se refiri\u00f3 a La Uni\u00f3n Mendocina, sin nombrarla. &#8220;Gente que piensa totalmente distinto de cualquier tema, no se puede gobernar as\u00ed&#8221;, lanz\u00f3 Suarez en el cierre de campa\u00f1a de Cambia Mendoza.<\/p>\n\n\n\n<p>&#8220;<strong>No somos un rejunte de \u00faltimo momento para acceder al poder por el poder mismo. Somos un conjunto, un proyecto<\/strong>&#8220;, lanz\u00f3 el gobernador\u00a0<strong>Rodolfo Suarez<\/strong>\u00a0en el cierre de campa\u00f1a de Cambia Mendoza, en Andes Talleres, con Alfredo Cornejo como principal orador.\u00a0\u00a0<\/p>\n\n\n\n<p>Sin mencionarla, Suarez se refer\u00eda a\u00a0<strong>La Uni\u00f3n Mendocina<\/strong>\u00a0que encabeza Omar De Marchi e integran gansos, radicales d\u00edscolos y peronistas. Al respecto, el gobernador habl\u00f3 de\u00a0<strong>&#8220;gente que piensa totalmente distinto de cualquier tema, no se puede gobernar as\u00ed&#8221;.<\/strong><\/p>\n\n\n\n<p>Sigui\u00f3 Suarez: &#8220;<strong>Cu\u00e1nto tiempo esperaron para que nos peleemos Alfredo, pero nosotros trabajamos en equipo<\/strong>, porque es la \u00fanica manera de hacer las cosas bien. Cu\u00e1ntos esperaban que nos pele\u00e1ramos Mario (Abed). Esto vale: significa garant\u00eda&#8221;.<\/p>\n\n\n\n<p>ntes de Suarez, habl\u00f3 el intendente de Godoy Cruz y presidente de la UCR en Mendoza,\u00a0<strong>Tadeo Garc\u00eda Zalazar<\/strong>. Y luego del gobernador, sigui\u00f3 la candidata a vicegobernadora\u00a0<strong>Hebe Casado<\/strong>, para finalizar con la palabra de\u00a0<strong>Alfredo Cornejo.<\/strong><\/p>\n\n\n\n<p>FUENTE: memo.com.ar<\/p>\n","protected":false},"excerpt":{"rendered":"<p>El gobernador se refiri\u00f3 a La Uni\u00f3n Mendocina, sin nombrarla. &#8220;Gente que piensa totalmente distinto de cualquier tema, no se puede gobernar as\u00ed&#8221;, lanz\u00f3 Suarez en el cierre de campa\u00f1a de Cambia Mendoza. &#8220;No somos un rejunte de \u00faltimo momento para acceder al poder por el poder mismo. Somos un conjunto, un proyecto&#8220;, lanz\u00f3 el [&hellip;]<\/p>\n","protected":false},"author":2,"featured_media":1473,"comment_status":"open","ping_status":"open","sticky":true,"template":"","format":"standard","meta":[],"categories":[47],"tags":[],"_links":{"self":[{"href":"https:\/\/pasaenmendoza.com\/index.php?rest_route=\/wp\/v2\/posts\/1656"}],"collection":[{"href":"https:\/\/pasaenmendoza.com\/index.php?rest_route=\/wp\/v2\/posts"}],"about":[{"href":"https:\/\/pasaenmendoza.com\/index.php?rest_route=\/wp\/v2\/types\/post"}],"author":[{"embeddable":true,"href":"https:\/\/pasaenmendoza.com\/index.php?rest_route=\/wp\/v2\/users\/2"}],"replies":[{"embeddable":true,"href":"https:\/\/pasaenmendoza.com\/index.php?rest_route=%2Fwp%2Fv2%2Fcomments&post=1656"}],"version-history":[{"count":1,"href":"https:\/\/pasaenmendoza.com\/index.php?rest_route=\/wp\/v2\/posts\/1656\/revisions"}],"predecessor-version":[{"id":1657,"href":"https:\/\/pasaenmendoza.com\/index.php?rest_route=\/wp\/v2\/posts\/1656\/revisions\/1657"}],"wp:featuredmedia":[{"embeddable":true,"href":"https:\/\/pasaenmendoza.com\/index.php?rest_route=\/wp\/v2\/media\/1473"}],"wp:attachment":[{"href":"https:\/\/pasaenmendoza.com\/index.php?rest_route=%2Fwp%2Fv2%2Fmedia&parent=1656"}],"wp:term":[{"taxonomy":"category","embeddable":true,"href":"https:\/\/pasaenmendoza.com\/index.php?rest_route=%2Fwp%2Fv2%2Fcategories&post=1656"},{"taxonomy":"post_tag","embeddable":true,"href":"https:\/\/pasaenmendoza.com\/index.php?rest_route=%2Fwp%2Fv2%2Ftags&post=1656"}],"curies":[{"name":"wp","href":"https:\/\/api.w.org\/{rel}","templated":true}]}}