{"id":1658,"date":"2023-09-22T14:11:36","date_gmt":"2023-09-22T12:11:36","guid":{"rendered":"https:\/\/pasaenmendoza.com\/?p=1658"},"modified":"2023-09-22T14:11:37","modified_gmt":"2023-09-22T12:11:37","slug":"se-espera-un-viernes-calido-pero-se-viene-la-lluvia","status":"publish","type":"post","link":"https:\/\/pasaenmendoza.com\/?p=1658","title":{"rendered":"Se espera un viernes c\u00e1lido pero se viene la lluvia"},"content":{"rendered":"\n<p>Este viernes el tiempo estar\u00e1 c\u00e1lido y con cielo mayormente nublado, pero ma\u00f1ana descender\u00e1 unos grados la temperatura.\u00a0<strong>La m\u00e1xima pronosticada para hoy es de 25\u00b0.<\/strong><\/p>\n\n\n\n<p>Seg\u00fan las previsiones del\u00a0<strong>Servicio Meteorol\u00f3gico Nacional<\/strong>, el cielo se mantendr\u00e1 de parcial a mayormente nublado y, para ma\u00f1ana, hay\u00a0<strong>previsi\u00f3n de lloviznas<\/strong>\u00a0para el Gran Mendoza.<\/p>\n\n\n\n<p>En tanto que la m\u00e1xima pronosticada para\u00a0<strong>ma\u00f1ana s\u00e1bado es de 21\u00b0<\/strong>\u00a0y el domingo bajar\u00e1 a 19\u00b0.\u00a0<\/p>\n\n\n\n<p>Para la zona Este, el pron\u00f3stico indica posibilidades de lluvias aisladas para esta tarde y noche, y durante todo el s\u00e1bado.\u00a0\u00a0<\/p>\n\n\n\n<p><strong>Fuente: www.mendozapost.com<\/strong><\/p>\n","protected":false},"excerpt":{"rendered":"<p>Este viernes el tiempo estar\u00e1 c\u00e1lido y con cielo mayormente nublado, pero ma\u00f1ana descender\u00e1 unos grados la temperatura.\u00a0La m\u00e1xima pronosticada para hoy es de 25\u00b0. Seg\u00fan las previsiones del\u00a0Servicio Meteorol\u00f3gico Nacional, el cielo se mantendr\u00e1 de parcial a mayormente nublado y, para ma\u00f1ana, hay\u00a0previsi\u00f3n de lloviznas\u00a0para el Gran Mendoza. En tanto que la m\u00e1xima pronosticada [&hellip;]<\/p>\n","protected":false},"author":2,"featured_media":1659,"comment_status":"open","ping_status":"open","sticky":false,"template":"","format":"standard","meta":[],"categories":[52],"tags":[],"_links":{"self":[{"href":"https:\/\/pasaenmendoza.com\/index.php?rest_route=\/wp\/v2\/posts\/1658"}],"collection":[{"href":"https:\/\/pasaenmendoza.com\/index.php?rest_route=\/wp\/v2\/posts"}],"about":[{"href":"https:\/\/pasaenmendoza.com\/index.php?rest_route=\/wp\/v2\/types\/post"}],"author":[{"embeddable":true,"href":"https:\/\/pasaenmendoza.com\/index.php?rest_route=\/wp\/v2\/users\/2"}],"replies":[{"embeddable":true,"href":"https:\/\/pasaenmendoza.com\/index.php?rest_route=%2Fwp%2Fv2%2Fcomments&post=1658"}],"version-history":[{"count":1,"href":"https:\/\/pasaenmendoza.com\/index.php?rest_route=\/wp\/v2\/posts\/1658\/revisions"}],"predecessor-version":[{"id":1660,"href":"https:\/\/pasaenmendoza.com\/index.php?rest_route=\/wp\/v2\/posts\/1658\/revisions\/1660"}],"wp:featuredmedia":[{"embeddable":true,"href":"https:\/\/pasaenmendoza.com\/index.php?rest_route=\/wp\/v2\/media\/1659"}],"wp:attachment":[{"href":"https:\/\/pasaenmendoza.com\/index.php?rest_route=%2Fwp%2Fv2%2Fmedia&parent=1658"}],"wp:term":[{"taxonomy":"category","embeddable":true,"href":"https:\/\/pasaenmendoza.com\/index.php?rest_route=%2Fwp%2Fv2%2Fcategories&post=1658"},{"taxonomy":"post_tag","embeddable":true,"href":"https:\/\/pasaenmendoza.com\/index.php?rest_route=%2Fwp%2Fv2%2Ftags&post=1658"}],"curies":[{"name":"wp","href":"https:\/\/api.w.org\/{rel}","templated":true}]}}