{"id":1661,"date":"2023-09-22T14:15:04","date_gmt":"2023-09-22T12:15:04","guid":{"rendered":"https:\/\/pasaenmendoza.com\/?p=1661"},"modified":"2023-09-22T14:15:05","modified_gmt":"2023-09-22T12:15:05","slug":"una-mujer-de-37-anos-murio-tras-un-tragico-accidente-en-guaymallen","status":"publish","type":"post","link":"https:\/\/pasaenmendoza.com\/?p=1661","title":{"rendered":"Una mujer de 37 a\u00f1os muri\u00f3 tras un tr\u00e1gico accidente en Guaymall\u00e9n"},"content":{"rendered":"\n<p>En un tr\u00e1gico\u00a0<strong>accidente<\/strong>, una\u00a0<strong>mujer<\/strong>\u00a0identificada como Adriana Mabel Villa, de 37 a\u00f1os, muri\u00f3 tras una colisi\u00f3n entre una camioneta Chevrolet C10 y una motocicleta Kumoto 125 cc.\u00a0<\/p>\n\n\n\n<p>El tr\u00e1gico hecho ocurri\u00f3 este jueves a las 17:45, en la intersecci\u00f3n de calles Jos\u00e9 F\u00e9lix Correa Sa\u00e1 y Pte. Domingo Faustino Sarmiento, del departamento de\u00a0Guaymall\u00e9n.\u00a0<\/p>\n\n\n\n<p>Seg\u00fan el reporte de Seguridad, el tr\u00e1gico suceso se desarroll\u00f3 cuando la moto en la que viajaba\u00a0<strong>Adriana Villa<\/strong>\u00a0como acompa\u00f1ante fue impactada por la camioneta.\u00a0<\/p>\n\n\n\n<p>A pesar de los esfuerzos de los servicios de emergencia y el r\u00e1pido traslado al\u00a0<strong>Hospital Central<\/strong>, Villa no pudo sobrevivir a las lesiones sufridas en el accidente y falleci\u00f3 en la madrugada de este viernes en la Unidad de Terapia Intensiva (UTI) del centro de salud.\u00a0<\/p>\n\n\n\n<p>En el lugar del accidente, trabaj\u00f3 personal de tr\u00e1nsito municipal de Guaymall\u00e9n, para controlar la situaci\u00f3n y facilitar el trabajo de los equipos de emergencia. Sin embargo, no se han proporcionado detalles adicionales sobre las circunstancias exactas que llevaron a la colisi\u00f3n.<\/p>\n\n\n\n<p>\u00a0La Oficina Fiscal N\u00b0 9 de\u00a0<strong>Guaymall\u00e9n<\/strong>\u00a0se encuentra investigando el caso y recopilando pruebas para esclarecer las circunstancias del accidente y determinar posibles responsabilidades legales.<\/p>\n\n\n\n<p><strong>Fuente: www.mendozapost.com<\/strong><\/p>\n","protected":false},"excerpt":{"rendered":"<p>En un tr\u00e1gico\u00a0accidente, una\u00a0mujer\u00a0identificada como Adriana Mabel Villa, de 37 a\u00f1os, muri\u00f3 tras una colisi\u00f3n entre una camioneta Chevrolet C10 y una motocicleta Kumoto 125 cc.\u00a0 El tr\u00e1gico hecho ocurri\u00f3 este jueves a las 17:45, en la intersecci\u00f3n de calles Jos\u00e9 F\u00e9lix Correa Sa\u00e1 y Pte. Domingo Faustino Sarmiento, del departamento de\u00a0Guaymall\u00e9n.\u00a0 Seg\u00fan el reporte [&hellip;]<\/p>\n","protected":false},"author":2,"featured_media":1662,"comment_status":"open","ping_status":"open","sticky":false,"template":"","format":"standard","meta":[],"categories":[48],"tags":[],"_links":{"self":[{"href":"https:\/\/pasaenmendoza.com\/index.php?rest_route=\/wp\/v2\/posts\/1661"}],"collection":[{"href":"https:\/\/pasaenmendoza.com\/index.php?rest_route=\/wp\/v2\/posts"}],"about":[{"href":"https:\/\/pasaenmendoza.com\/index.php?rest_route=\/wp\/v2\/types\/post"}],"author":[{"embeddable":true,"href":"https:\/\/pasaenmendoza.com\/index.php?rest_route=\/wp\/v2\/users\/2"}],"replies":[{"embeddable":true,"href":"https:\/\/pasaenmendoza.com\/index.php?rest_route=%2Fwp%2Fv2%2Fcomments&post=1661"}],"version-history":[{"count":1,"href":"https:\/\/pasaenmendoza.com\/index.php?rest_route=\/wp\/v2\/posts\/1661\/revisions"}],"predecessor-version":[{"id":1663,"href":"https:\/\/pasaenmendoza.com\/index.php?rest_route=\/wp\/v2\/posts\/1661\/revisions\/1663"}],"wp:featuredmedia":[{"embeddable":true,"href":"https:\/\/pasaenmendoza.com\/index.php?rest_route=\/wp\/v2\/media\/1662"}],"wp:attachment":[{"href":"https:\/\/pasaenmendoza.com\/index.php?rest_route=%2Fwp%2Fv2%2Fmedia&parent=1661"}],"wp:term":[{"taxonomy":"category","embeddable":true,"href":"https:\/\/pasaenmendoza.com\/index.php?rest_route=%2Fwp%2Fv2%2Fcategories&post=1661"},{"taxonomy":"post_tag","embeddable":true,"href":"https:\/\/pasaenmendoza.com\/index.php?rest_route=%2Fwp%2Fv2%2Ftags&post=1661"}],"curies":[{"name":"wp","href":"https:\/\/api.w.org\/{rel}","templated":true}]}}