{"id":1664,"date":"2023-09-22T14:27:42","date_gmt":"2023-09-22T12:27:42","guid":{"rendered":"https:\/\/pasaenmendoza.com\/?p=1664"},"modified":"2023-09-22T14:27:42","modified_gmt":"2023-09-22T12:27:42","slug":"comenzo-la-veda-electoral-y-faltan-solo-dos-dias-para-saber-quien-sera-el-proximo-gobernador-de-mendoza","status":"publish","type":"post","link":"https:\/\/pasaenmendoza.com\/?p=1664","title":{"rendered":"Comenz\u00f3 la veda electoral y faltan s\u00f3lo dos d\u00edas para saber qui\u00e9n ser\u00e1 el pr\u00f3ximo gobernador de Mendoza"},"content":{"rendered":"\n<p>El\u00a0<strong>domingo 24 de septiembre\u00a0<\/strong>los mendocinos asistir\u00e1n a las urnas para elegir al\u00a0<strong>pr\u00f3ximo gobernador<\/strong>\u00a0de la provincia. Ya pasaron los cierres de campa\u00f1a y los debates: ahora restan horas para que los ciudadanos den su veredicto, y a partir de las\u00a0<strong>8 de la ma\u00f1ana de este viernes<\/strong>\u00a0ya no se puede hacer proselitismo porque comenz\u00f3 la\u00a0<strong>veda electoral.<\/strong><\/p>\n\n\n\n<p>Por lo dem\u00e1s, ha sido\u00a0<strong>una campa\u00f1a marcada por las denuncias cruzadas y la particular agresividad<\/strong>\u00a0que habilitan las redes. Eso hizo que, m\u00e1s all\u00e1 de la veda, el tramo final haya resultado especialmente arduo, con\u00a0<strong>exabruptos e injurias a la orden del d\u00eda<\/strong>.<\/p>\n\n\n\n<h2 class=\"wp-block-heading\">\u00bfQu\u00e9 se puede y qu\u00e9 no se puede hacer durante la veda electoral?<\/h2>\n\n\n\n<ul>\n<li>Se proh\u00edbe realizar actos p\u00fablicos de campa\u00f1a.<\/li>\n\n\n\n<li>Se proh\u00edbe el proselitismo electoral, incluidos los avisos publicitarios y el reparto de boletas, y la apertura y funcionamiento de locales partidarios.<\/li>\n\n\n\n<li>Tambi\u00e9n se proh\u00edben -en teor\u00eda- posteos en redes sociales y la actividad online destinada a promover el voto de un candidato en particular.<\/li>\n\n\n\n<li>Se proh\u00edbe la publicaci\u00f3n y difusi\u00f3n de resultados de encuestas o sondeos preelectorales, una medida que estar\u00e1 vigente hasta las 22 del domingo.<\/li>\n\n\n\n<li>La venta de bebidas alcoh\u00f3licas quedar\u00e1 restringida desde las 20 del s\u00e1bado y hasta dos horas despu\u00e9s de finalizados los comicios. La excepci\u00f3n son los locales que vendan comida para consumir all\u00ed mismo. En esos casos, se pueden comercializar bebidas para acompa\u00f1ar los platos.<\/li>\n\n\n\n<li>La portaci\u00f3n de armas est\u00e1 prohibida durante la veda electoral, as\u00ed como la aglomeraci\u00f3n de tropas o cualquier &#8220;ostentaci\u00f3n de fuerza&#8221;.<\/li>\n\n\n\n<li>Se proh\u00edben los espect\u00e1culos populares al aire libre o en recintos cerrados, fiestas teatrales, deportivas y toda clase de reuniones p\u00fablicas que no se refieran al acto electoral.<\/li>\n<\/ul>\n\n\n\n<p><strong>Fuente: www.diariouno.com.ar<\/strong><\/p>\n","protected":false},"excerpt":{"rendered":"<p>El\u00a0domingo 24 de septiembre\u00a0los mendocinos asistir\u00e1n a las urnas para elegir al\u00a0pr\u00f3ximo gobernador\u00a0de la provincia. Ya pasaron los cierres de campa\u00f1a y los debates: ahora restan horas para que los ciudadanos den su veredicto, y a partir de las\u00a08 de la ma\u00f1ana de este viernes\u00a0ya no se puede hacer proselitismo porque comenz\u00f3 la\u00a0veda electoral. Por [&hellip;]<\/p>\n","protected":false},"author":2,"featured_media":1666,"comment_status":"open","ping_status":"open","sticky":false,"template":"","format":"standard","meta":[],"categories":[67],"tags":[],"_links":{"self":[{"href":"https:\/\/pasaenmendoza.com\/index.php?rest_route=\/wp\/v2\/posts\/1664"}],"collection":[{"href":"https:\/\/pasaenmendoza.com\/index.php?rest_route=\/wp\/v2\/posts"}],"about":[{"href":"https:\/\/pasaenmendoza.com\/index.php?rest_route=\/wp\/v2\/types\/post"}],"author":[{"embeddable":true,"href":"https:\/\/pasaenmendoza.com\/index.php?rest_route=\/wp\/v2\/users\/2"}],"replies":[{"embeddable":true,"href":"https:\/\/pasaenmendoza.com\/index.php?rest_route=%2Fwp%2Fv2%2Fcomments&post=1664"}],"version-history":[{"count":2,"href":"https:\/\/pasaenmendoza.com\/index.php?rest_route=\/wp\/v2\/posts\/1664\/revisions"}],"predecessor-version":[{"id":1668,"href":"https:\/\/pasaenmendoza.com\/index.php?rest_route=\/wp\/v2\/posts\/1664\/revisions\/1668"}],"wp:featuredmedia":[{"embeddable":true,"href":"https:\/\/pasaenmendoza.com\/index.php?rest_route=\/wp\/v2\/media\/1666"}],"wp:attachment":[{"href":"https:\/\/pasaenmendoza.com\/index.php?rest_route=%2Fwp%2Fv2%2Fmedia&parent=1664"}],"wp:term":[{"taxonomy":"category","embeddable":true,"href":"https:\/\/pasaenmendoza.com\/index.php?rest_route=%2Fwp%2Fv2%2Fcategories&post=1664"},{"taxonomy":"post_tag","embeddable":true,"href":"https:\/\/pasaenmendoza.com\/index.php?rest_route=%2Fwp%2Fv2%2Ftags&post=1664"}],"curies":[{"name":"wp","href":"https:\/\/api.w.org\/{rel}","templated":true}]}}