{"id":1665,"date":"2023-09-22T14:26:06","date_gmt":"2023-09-22T12:26:06","guid":{"rendered":"https:\/\/pasaenmendoza.com\/?p=1665"},"modified":"2023-09-22T14:26:07","modified_gmt":"2023-09-22T12:26:07","slug":"en-imagenes-impresionante-vuelco-a-metros-de-la-barraca","status":"publish","type":"post","link":"https:\/\/pasaenmendoza.com\/?p=1665","title":{"rendered":"En im\u00e1genes: impresionante vuelco a metros de La Barraca"},"content":{"rendered":"\n<p>Un hombre extranjero sufri\u00f3 algunas lesiones de chocar el auto que conduc\u00eda por la zona del centro comercial\u00a0<strong>La Barraca<\/strong>, de Guaymall\u00e9n. La v\u00edctima recibi\u00f3 asistencia m\u00e9dica del SEC en la escena.<\/p>\n\n\n\n<p>El siniestro sucedi\u00f3 a las 18.30 mientras el conductor de una\u00a0<strong>Renault Duster<\/strong>\u00a0circulaba por el carril derecho del\u00a0<strong>Acceso Sur<\/strong>.<\/p>\n\n\n\n<p><mark>Entre Alsina y Lamadrid y por causas que son motivo de investigaci\u00f3n, perdi\u00f3 el control del volante<\/mark>, volc\u00f3 e impact\u00f3 contra algunos \u00e1rboles que se encontraba en el sector este de la calzada.<\/p>\n\n\n\n<p>El conductor qued\u00f3 atrapado en el veh\u00edculo y personal policial y de bomberos trabajaron para rescatarlo, as\u00ed recib\u00eda la asistencia m\u00e9dica.<\/p>\n\n\n\n<p><strong>Fuente: www.elsol.com.ar<\/strong><\/p>\n","protected":false},"excerpt":{"rendered":"<p>Un hombre extranjero sufri\u00f3 algunas lesiones de chocar el auto que conduc\u00eda por la zona del centro comercial\u00a0La Barraca, de Guaymall\u00e9n. La v\u00edctima recibi\u00f3 asistencia m\u00e9dica del SEC en la escena. El siniestro sucedi\u00f3 a las 18.30 mientras el conductor de una\u00a0Renault Duster\u00a0circulaba por el carril derecho del\u00a0Acceso Sur. Entre Alsina y Lamadrid y por [&hellip;]<\/p>\n","protected":false},"author":2,"featured_media":1669,"comment_status":"open","ping_status":"open","sticky":false,"template":"","format":"standard","meta":[],"categories":[48],"tags":[],"_links":{"self":[{"href":"https:\/\/pasaenmendoza.com\/index.php?rest_route=\/wp\/v2\/posts\/1665"}],"collection":[{"href":"https:\/\/pasaenmendoza.com\/index.php?rest_route=\/wp\/v2\/posts"}],"about":[{"href":"https:\/\/pasaenmendoza.com\/index.php?rest_route=\/wp\/v2\/types\/post"}],"author":[{"embeddable":true,"href":"https:\/\/pasaenmendoza.com\/index.php?rest_route=\/wp\/v2\/users\/2"}],"replies":[{"embeddable":true,"href":"https:\/\/pasaenmendoza.com\/index.php?rest_route=%2Fwp%2Fv2%2Fcomments&post=1665"}],"version-history":[{"count":1,"href":"https:\/\/pasaenmendoza.com\/index.php?rest_route=\/wp\/v2\/posts\/1665\/revisions"}],"predecessor-version":[{"id":1670,"href":"https:\/\/pasaenmendoza.com\/index.php?rest_route=\/wp\/v2\/posts\/1665\/revisions\/1670"}],"wp:featuredmedia":[{"embeddable":true,"href":"https:\/\/pasaenmendoza.com\/index.php?rest_route=\/wp\/v2\/media\/1669"}],"wp:attachment":[{"href":"https:\/\/pasaenmendoza.com\/index.php?rest_route=%2Fwp%2Fv2%2Fmedia&parent=1665"}],"wp:term":[{"taxonomy":"category","embeddable":true,"href":"https:\/\/pasaenmendoza.com\/index.php?rest_route=%2Fwp%2Fv2%2Fcategories&post=1665"},{"taxonomy":"post_tag","embeddable":true,"href":"https:\/\/pasaenmendoza.com\/index.php?rest_route=%2Fwp%2Fv2%2Ftags&post=1665"}],"curies":[{"name":"wp","href":"https:\/\/api.w.org\/{rel}","templated":true}]}}