{"id":1676,"date":"2023-09-22T14:53:59","date_gmt":"2023-09-22T12:53:59","guid":{"rendered":"https:\/\/pasaenmendoza.com\/?p=1676"},"modified":"2023-09-22T14:53:59","modified_gmt":"2023-09-22T12:53:59","slug":"la-desocupacion-en-el-gran-mendoza-a-la-baja-el-dato-llamativo-entre-los-que-si-tienen-trabajo","status":"publish","type":"post","link":"https:\/\/pasaenmendoza.com\/?p=1676","title":{"rendered":"La desocupaci\u00f3n en el Gran Mendoza, a la baja: el dato llamativo entre los que s\u00ed tienen trabajo"},"content":{"rendered":"\n<p>La&nbsp;<strong>desocupaci\u00f3n<\/strong>&nbsp;en la principal \u00e1rea metroplitana de&nbsp;<strong>Mendoza&nbsp;<\/strong>fue&nbsp;<mark>en el segundo trimestre de 2023 de 5,3%<\/mark>, una cifra que muestra&nbsp;<mark>una tendencia a la baja<\/mark>&nbsp;en la reactivaci\u00f3n pospandemia, aunque los \u00edndices de&nbsp;<strong>subocupaci\u00f3n<\/strong>&nbsp;en la provincia se mantienen entre un a\u00f1o y otro. Con todo,&nbsp;<mark>hay 27 mil mendocinos que estuvieron desempleados en ese periodo.<\/mark><\/p>\n\n\n\n<p>El dato local medido por el&nbsp;<strong>Indec<\/strong>&nbsp;es inferior al promedio nacional, que fue del 6,2, pero superior a su vez al promedio general para&nbsp;<strong>Cuyo<\/strong>, ya que lleg\u00f3 a 4,1%. En general, el Gran Mendoza saca una diferencia mayor al doble respecto del Gran San Luis y el Gran San Juan.<\/p>\n\n\n\n<p>En tanto,\u00a0<mark>la subocupaci\u00f3n en los meses de abril, mayo y junio alcanz\u00f3 el 17,2%<\/mark>. Dicho en otros n\u00fameros, se trata de\u00a0<mark>unas 88 mil personas en el Gran Mendoza que sobreviven con trabajos en negro y changas<\/mark>, entre otras actividades.<\/p>\n\n\n\n<h2 class=\"wp-block-heading\">Las diferencias<\/h2>\n\n\n\n<p>En t\u00e9rminos de comparaci\u00f3n interanuales, el descenso es apenas leve ya que en el segundo trimestre de 2022 fue del 5,6% -30 mil desocupados-.<\/p>\n\n\n\n<p>La subocupaci\u00f3n tambi\u00e9n se mantiene con pocas diferencias, aunque este a\u00f1o hay un m\u00ednimo descenso: en 2022, era del 17,6, es decir, 92 mil individuos que viv\u00edan el d\u00eda a d\u00eda por fuera del mercado formal de trabajo.<\/p>\n\n\n\n<p>Incluso la baja en los n\u00fameros se da entre el primer y el segundo trimestre: en enero, febrero y marzo la desocupaci\u00f3n era del 5,6% -29 mil desempleados-, en tanto que los subocupados alcanzaban el 16,6% -86 mil personas-. En este \u00faltimo caso, entonces, se registra un aumento.<\/p>\n\n\n\n<p>Pero entre las cifras significativas que arroja la comparaci\u00f3n entre 2022 y 2023 hay uno que es llamativo.<\/p>\n\n\n\n<p>Tambi\u00e9n&nbsp;<mark>fue menor la cantidad de mendocinos empleados que demandan otro trabajo<\/mark>: descendi\u00f3 a 23,2%, unas 119 mil personas. El a\u00f1o pasado hab\u00eda llegado a 27% -142 mil trabajadores.<\/p>\n\n\n\n<p>Hay que considerar que estos son los n\u00fameros previos a la devaluaci\u00f3n del 22% que aplic\u00f3 el Ministerio de Econom\u00eda el d\u00eda despu\u00e9s de las PASO presidenciales en agosto. Todav\u00eda habr\u00e1 que esperar si esta medida de profundo impacto econ\u00f3mico tuvo consecuencias en el mercado laboral.<\/p>\n\n\n\n<h2 class=\"wp-block-heading\" id=\"h-numeros-principales\">N\u00fameros principales<\/h2>\n\n\n\n<p>La tasa de empleo registr\u00f3 una baja entre un a\u00f1o y otro: en el segundo trimestre de 2023 fue de 46,2% -el a\u00f1o pasado hab\u00eda ascendido a 47,6%-.<\/p>\n\n\n\n<p>La poblaci\u00f3n econ\u00f3micamente activa supera el medio mill\u00f3n de personas: la integran 512 mil personas -tambi\u00e9n otro descenso, ya que en 2022 fue de 524 mil sujetos-.<\/p>\n\n\n\n<p>En tanto, que la tasa ocupada fue de 484 mil empleados -el a\u00f1o anterior hab\u00eda ascendido a 495 mil individuos-.<\/p>\n\n\n\n<p><strong>Fuente: www.elsol.com.ar<\/strong><\/p>\n","protected":false},"excerpt":{"rendered":"<p>La&nbsp;desocupaci\u00f3n&nbsp;en la principal \u00e1rea metroplitana de&nbsp;Mendoza&nbsp;fue&nbsp;en el segundo trimestre de 2023 de 5,3%, una cifra que muestra&nbsp;una tendencia a la baja&nbsp;en la reactivaci\u00f3n pospandemia, aunque los \u00edndices de&nbsp;subocupaci\u00f3n&nbsp;en la provincia se mantienen entre un a\u00f1o y otro. Con todo,&nbsp;hay 27 mil mendocinos que estuvieron desempleados en ese periodo. El dato local medido por el&nbsp;Indec&nbsp;es inferior [&hellip;]<\/p>\n","protected":false},"author":2,"featured_media":1677,"comment_status":"open","ping_status":"open","sticky":false,"template":"","format":"standard","meta":[],"categories":[50],"tags":[],"_links":{"self":[{"href":"https:\/\/pasaenmendoza.com\/index.php?rest_route=\/wp\/v2\/posts\/1676"}],"collection":[{"href":"https:\/\/pasaenmendoza.com\/index.php?rest_route=\/wp\/v2\/posts"}],"about":[{"href":"https:\/\/pasaenmendoza.com\/index.php?rest_route=\/wp\/v2\/types\/post"}],"author":[{"embeddable":true,"href":"https:\/\/pasaenmendoza.com\/index.php?rest_route=\/wp\/v2\/users\/2"}],"replies":[{"embeddable":true,"href":"https:\/\/pasaenmendoza.com\/index.php?rest_route=%2Fwp%2Fv2%2Fcomments&post=1676"}],"version-history":[{"count":1,"href":"https:\/\/pasaenmendoza.com\/index.php?rest_route=\/wp\/v2\/posts\/1676\/revisions"}],"predecessor-version":[{"id":1678,"href":"https:\/\/pasaenmendoza.com\/index.php?rest_route=\/wp\/v2\/posts\/1676\/revisions\/1678"}],"wp:featuredmedia":[{"embeddable":true,"href":"https:\/\/pasaenmendoza.com\/index.php?rest_route=\/wp\/v2\/media\/1677"}],"wp:attachment":[{"href":"https:\/\/pasaenmendoza.com\/index.php?rest_route=%2Fwp%2Fv2%2Fmedia&parent=1676"}],"wp:term":[{"taxonomy":"category","embeddable":true,"href":"https:\/\/pasaenmendoza.com\/index.php?rest_route=%2Fwp%2Fv2%2Fcategories&post=1676"},{"taxonomy":"post_tag","embeddable":true,"href":"https:\/\/pasaenmendoza.com\/index.php?rest_route=%2Fwp%2Fv2%2Ftags&post=1676"}],"curies":[{"name":"wp","href":"https:\/\/api.w.org\/{rel}","templated":true}]}}