{"id":1679,"date":"2023-09-22T14:58:39","date_gmt":"2023-09-22T12:58:39","guid":{"rendered":"https:\/\/pasaenmendoza.com\/?p=1679"},"modified":"2023-09-22T14:58:39","modified_gmt":"2023-09-22T12:58:39","slug":"con-una-alerta-amarilla-asi-estara-el-paso-cristo-redentor","status":"publish","type":"post","link":"https:\/\/pasaenmendoza.com\/?p=1679","title":{"rendered":"Con una alerta amarilla as\u00ed estar\u00e1 el Paso Cristo Redentor"},"content":{"rendered":"\n<p>Durante la tarde del jueves se anunci\u00f3 el cierre del&nbsp;<strong>Paso Cristo Redentor<\/strong>&nbsp;despu\u00e9s de varios d\u00edas de intensa actividad y con un gran flujo de transportes en ambas direcciones.<\/p>\n\n\n\n<p>La decisi\u00f3n se tom\u00f3 en coordinaci\u00f3n con las autoridades chilenas frente al ingreso de mal tiempo que contemplaba presencia de nieve y malas temperaturas.<\/p>\n\n\n\n<p>Fue as\u00ed que el\u00a0<strong>Paso a Chile<\/strong>\u00a0cerr\u00f3 sus puertas a partir de las 22 horas teniendo en cuenta que d\u00edas anteriores se hab\u00eda implementado el horario de atenci\u00f3n de verano, con 24 horas de actividades que permitieron que la actividad de los camiones varados se regularizara.<\/p>\n\n\n\n<h2 class=\"wp-block-heading\">Panorama desalentador<\/h2>\n\n\n\n<p>El SMN emiti\u00f3&nbsp;<strong>alerta amarilla<\/strong>&nbsp;por nevadas en alta monta\u00f1a en San Carlos y en Tunuy\u00e1n.<\/p>\n\n\n\n<p>Lo que invita a prever que el Paso Cristo Redentor continuar\u00e1 cerrado, al menos en las pr\u00f3ximas horas.<\/p>\n\n\n\n<p>El comunicado explic\u00f3: \u201cEl \u00e1rea ser\u00e1 afectada por nevadas de variada intensidad, pudiendo ser localmente fuertes&#8221;.<\/p>\n\n\n\n<blockquote class=\"wp-block-quote\">\n<p>SE PREV\u00c9 DURANTE ESTE PER\u00cdODO VALORES DE NIEVE ACUMULADA ENTRE 25 Y 40 CENT\u00cdMETROS, PUDIENDO SER SUPERADOS DE FORMA LOCALIZADA.<\/p>\n<\/blockquote>\n\n\n\n<p>Ante las condiciones metereol\u00f3gicas adversas relacionadas con la\u00a0<strong>nieve<\/strong>, se recomienda retirar peri\u00f3dicamente la acumulada en los techos y circular con veh\u00edculos adecuados y preparados para hielo y nieve.<\/p>\n\n\n\n<p><strong>Fuente: www.diariomendoza.com.ar<\/strong><\/p>\n","protected":false},"excerpt":{"rendered":"<p>Durante la tarde del jueves se anunci\u00f3 el cierre del&nbsp;Paso Cristo Redentor&nbsp;despu\u00e9s de varios d\u00edas de intensa actividad y con un gran flujo de transportes en ambas direcciones. La decisi\u00f3n se tom\u00f3 en coordinaci\u00f3n con las autoridades chilenas frente al ingreso de mal tiempo que contemplaba presencia de nieve y malas temperaturas. Fue as\u00ed que [&hellip;]<\/p>\n","protected":false},"author":2,"featured_media":1680,"comment_status":"open","ping_status":"open","sticky":false,"template":"","format":"standard","meta":[],"categories":[66],"tags":[],"_links":{"self":[{"href":"https:\/\/pasaenmendoza.com\/index.php?rest_route=\/wp\/v2\/posts\/1679"}],"collection":[{"href":"https:\/\/pasaenmendoza.com\/index.php?rest_route=\/wp\/v2\/posts"}],"about":[{"href":"https:\/\/pasaenmendoza.com\/index.php?rest_route=\/wp\/v2\/types\/post"}],"author":[{"embeddable":true,"href":"https:\/\/pasaenmendoza.com\/index.php?rest_route=\/wp\/v2\/users\/2"}],"replies":[{"embeddable":true,"href":"https:\/\/pasaenmendoza.com\/index.php?rest_route=%2Fwp%2Fv2%2Fcomments&post=1679"}],"version-history":[{"count":1,"href":"https:\/\/pasaenmendoza.com\/index.php?rest_route=\/wp\/v2\/posts\/1679\/revisions"}],"predecessor-version":[{"id":1681,"href":"https:\/\/pasaenmendoza.com\/index.php?rest_route=\/wp\/v2\/posts\/1679\/revisions\/1681"}],"wp:featuredmedia":[{"embeddable":true,"href":"https:\/\/pasaenmendoza.com\/index.php?rest_route=\/wp\/v2\/media\/1680"}],"wp:attachment":[{"href":"https:\/\/pasaenmendoza.com\/index.php?rest_route=%2Fwp%2Fv2%2Fmedia&parent=1679"}],"wp:term":[{"taxonomy":"category","embeddable":true,"href":"https:\/\/pasaenmendoza.com\/index.php?rest_route=%2Fwp%2Fv2%2Fcategories&post=1679"},{"taxonomy":"post_tag","embeddable":true,"href":"https:\/\/pasaenmendoza.com\/index.php?rest_route=%2Fwp%2Fv2%2Ftags&post=1679"}],"curies":[{"name":"wp","href":"https:\/\/api.w.org\/{rel}","templated":true}]}}