{"id":1682,"date":"2023-09-25T13:54:21","date_gmt":"2023-09-25T11:54:21","guid":{"rendered":"https:\/\/pasaenmendoza.com\/?p=1682"},"modified":"2023-09-25T13:54:22","modified_gmt":"2023-09-25T11:54:22","slug":"alfredo-cornejo-copo-las-tapas-de-los-principales-diarios-nacionales-por-su-victoria","status":"publish","type":"post","link":"https:\/\/pasaenmendoza.com\/?p=1682","title":{"rendered":"Alfredo Cornejo cop\u00f3 las tapas de los principales diarios nacionales por su victoria"},"content":{"rendered":"\n<p>Los medios catalogaron el triunfo de Cambia Mendoza como un \u201cimpulso de cara a octubre\u201d para Patricia Bullrich.<\/p>\n\n\n\n<p>Este domingo se realizaron las elecciones para gobernador en&nbsp;<strong>Mendoza<\/strong>, donde<strong>&nbsp;Cambia Mendoza&nbsp;<\/strong>con&nbsp;<strong>Alfredo Cornejo&nbsp;<\/strong>obtuvo una contundente victoria por sobre<strong>&nbsp;La Uni\u00f3n Mendocina<\/strong>, que ten\u00eda como candidato a<strong>&nbsp;Omar De Marchi<\/strong>.<\/p>\n\n\n\n<p>El triunfo en Mendoza fue considerado como clave,\u00a0<mark>se\u00f1alando la trascendencia para Juntos por el Cambio y se convirti\u00f3 en el t\u00edtulo de los principales medios nacionales y provinciales.<\/mark><\/p>\n\n\n\n<p>\u201c<em>Cambiemos tambi\u00e9n gan\u00f3 en Mendoza y Bullrich espera un envi\u00f3n para su candidatura<\/em>\u201d indica la tapa de\u00a0<strong>Clar\u00edn<\/strong>.<\/p>\n\n\n\n<p>Mientras que\u00a0<strong>La Naci\u00f3n<\/strong>\u00a0resalt\u00f3 la mala performance del peronismo local: \u201c<em>Cornejo logr\u00f3 un amplio triunfo en Mendoza y el PJ sufri\u00f3 una derrota hist\u00f3rica\u201d<\/em>.<\/p>\n\n\n\n<p><em>\u201cAmplio triunfo de Cornejo en Mendoza le permite a Patricia Bullrich potenciar su campa\u00f1a\u201d<\/em>, titul\u00f3\u00a0<strong>El Cronista<\/strong>.<\/p>\n\n\n\n<p>En tanto,&nbsp;<strong>P\u00e1gina 12<\/strong><em>&nbsp;<\/em>lo llev\u00f3 como un recuadro se\u00f1alando que \u201c<em>Cornejo volver\u00e1 a la gobernaci\u00f3n en Mendoza\u201d<\/em>.<\/p>\n\n\n\n<p>En tanto,\u00a0<mark>los medios de distintas provincias tambi\u00e9n llevaron como la noticia m\u00e1s destacada el triunfo de Cambia Mendoza y la continuidad del oficialismo local.<\/mark><\/p>\n\n\n\n<figure class=\"wp-block-image\"><img decoding=\"async\" src=\"https:\/\/i0.wp.com\/newspack-elsol.s3.amazonaws.com\/wp-content\/uploads\/2023\/09\/WhatsApp-Image-2023-09-25-at-7.26.10-AM-4.jpeg?resize=575%2C797&amp;ssl=1\" alt=\"\" class=\"wp-image-1874102\"\/><\/figure>\n\n\n\n<figure class=\"wp-block-image\"><img decoding=\"async\" src=\"https:\/\/i0.wp.com\/newspack-elsol.s3.amazonaws.com\/wp-content\/uploads\/2023\/09\/WhatsApp-Image-2023-09-25-at-7.26.10-AM-10.jpeg?resize=700%2C960&amp;ssl=1\" alt=\"\" class=\"wp-image-1874099\"\/><\/figure>\n\n\n\n<figure class=\"wp-block-image\"><img decoding=\"async\" src=\"https:\/\/i0.wp.com\/newspack-elsol.s3.amazonaws.com\/wp-content\/uploads\/2023\/09\/WhatsApp-Image-2023-09-25-at-7.26.10-AM-12.jpeg?resize=400%2C495&amp;ssl=1\" alt=\"\" class=\"wp-image-1874093\"\/><\/figure>\n\n\n\n<figure class=\"wp-block-image\"><img decoding=\"async\" src=\"https:\/\/i0.wp.com\/newspack-elsol.s3.amazonaws.com\/wp-content\/uploads\/2023\/09\/WhatsApp-Image-2023-09-25-at-7.26.10-AM-1.jpeg?resize=400%2C495&amp;ssl=1\" alt=\"\" class=\"wp-image-1874094\"\/><\/figure>\n\n\n\n<figure class=\"wp-block-image\"><img decoding=\"async\" src=\"https:\/\/i0.wp.com\/newspack-elsol.s3.amazonaws.com\/wp-content\/uploads\/2023\/09\/WhatsApp-Image-2023-09-25-at-7.26.11-AM-3-766x1024.jpeg?resize=766%2C1024&amp;ssl=1\" alt=\"\" class=\"wp-image-1874104\"\/><\/figure>\n\n\n\n<figure class=\"wp-block-image\"><img decoding=\"async\" src=\"https:\/\/i0.wp.com\/newspack-elsol.s3.amazonaws.com\/wp-content\/uploads\/2023\/09\/WhatsApp-Image-2023-09-25-at-7.26.10-AM-7-699x1024.jpeg?resize=699%2C1024&amp;ssl=1\" alt=\"\" class=\"wp-image-1874105\"\/><\/figure>\n\n\n\n<figure class=\"wp-block-image\"><img decoding=\"async\" src=\"https:\/\/i0.wp.com\/newspack-elsol.s3.amazonaws.com\/wp-content\/uploads\/2023\/09\/WhatsApp-Image-2023-09-25-at-7.26.10-AM-5-688x1024.jpeg?resize=688%2C1024&amp;ssl=1\" alt=\"\" class=\"wp-image-1874098\"\/><\/figure>\n\n\n\n<figure class=\"wp-block-image\"><img decoding=\"async\" src=\"https:\/\/i0.wp.com\/newspack-elsol.s3.amazonaws.com\/wp-content\/uploads\/2023\/09\/WhatsApp-Image-2023-09-25-at-7.26.10-AM-11-623x1024.jpeg?resize=623%2C1024&amp;ssl=1\" alt=\"\" class=\"wp-image-1874095\"\/><\/figure>\n\n\n\n<figure class=\"wp-block-image\"><img decoding=\"async\" src=\"https:\/\/i0.wp.com\/newspack-elsol.s3.amazonaws.com\/wp-content\/uploads\/2023\/09\/WhatsApp-Image-2023-09-25-at-7.26.10-AM-9.jpeg?resize=640%2C875&amp;ssl=1\" alt=\"\" class=\"wp-image-1874103\"\/><\/figure>\n\n\n\n<figure class=\"wp-block-image\"><img decoding=\"async\" src=\"https:\/\/i0.wp.com\/newspack-elsol.s3.amazonaws.com\/wp-content\/uploads\/2023\/09\/WhatsApp-Image-2023-09-25-at-7.26.10-AM-3.jpeg?resize=700%2C920&amp;ssl=1\" alt=\"\" class=\"wp-image-1874096\"\/><\/figure>\n\n\n\n<figure class=\"wp-block-image\"><img decoding=\"async\" src=\"https:\/\/i0.wp.com\/newspack-elsol.s3.amazonaws.com\/wp-content\/uploads\/2023\/09\/WhatsApp-Image-2023-09-25-at-7.26.10-AM-2.jpeg?resize=700%2C902&amp;ssl=1\" alt=\"\" class=\"wp-image-1874101\"\/><\/figure>\n\n\n\n<figure class=\"wp-block-image\"><img decoding=\"async\" src=\"https:\/\/i0.wp.com\/newspack-elsol.s3.amazonaws.com\/wp-content\/uploads\/2023\/09\/WhatsApp-Image-2023-09-25-at-7.26.10-AM-8.jpeg?resize=700%2C920&amp;ssl=1\" alt=\"\" class=\"wp-image-1874097\"\/><\/figure>\n\n\n\n<figure class=\"wp-block-image is-resized\"><img decoding=\"async\" loading=\"lazy\" src=\"https:\/\/i0.wp.com\/newspack-elsol.s3.amazonaws.com\/wp-content\/uploads\/2023\/09\/WhatsApp-Image-2023-09-25-at-7.26.10-AM-6-685x1024.jpeg?resize=685%2C1024&amp;ssl=1\" alt=\"\" class=\"wp-image-1874100\" width=\"685\" height=\"1024\"\/><\/figure>\n\n\n\n<p>FUENTE: elsol.com.ar<\/p>\n\n\n\n<p><\/p>\n","protected":false},"excerpt":{"rendered":"<p>Los medios catalogaron el triunfo de Cambia Mendoza como un \u201cimpulso de cara a octubre\u201d para Patricia Bullrich. Este domingo se realizaron las elecciones para gobernador en&nbsp;Mendoza, donde&nbsp;Cambia Mendoza&nbsp;con&nbsp;Alfredo Cornejo&nbsp;obtuvo una contundente victoria por sobre&nbsp;La Uni\u00f3n Mendocina, que ten\u00eda como candidato a&nbsp;Omar De Marchi. El triunfo en Mendoza fue considerado como clave,\u00a0se\u00f1alando la trascendencia para [&hellip;]<\/p>\n","protected":false},"author":2,"featured_media":1683,"comment_status":"open","ping_status":"open","sticky":true,"template":"","format":"standard","meta":[],"categories":[47],"tags":[],"_links":{"self":[{"href":"https:\/\/pasaenmendoza.com\/index.php?rest_route=\/wp\/v2\/posts\/1682"}],"collection":[{"href":"https:\/\/pasaenmendoza.com\/index.php?rest_route=\/wp\/v2\/posts"}],"about":[{"href":"https:\/\/pasaenmendoza.com\/index.php?rest_route=\/wp\/v2\/types\/post"}],"author":[{"embeddable":true,"href":"https:\/\/pasaenmendoza.com\/index.php?rest_route=\/wp\/v2\/users\/2"}],"replies":[{"embeddable":true,"href":"https:\/\/pasaenmendoza.com\/index.php?rest_route=%2Fwp%2Fv2%2Fcomments&post=1682"}],"version-history":[{"count":1,"href":"https:\/\/pasaenmendoza.com\/index.php?rest_route=\/wp\/v2\/posts\/1682\/revisions"}],"predecessor-version":[{"id":1684,"href":"https:\/\/pasaenmendoza.com\/index.php?rest_route=\/wp\/v2\/posts\/1682\/revisions\/1684"}],"wp:featuredmedia":[{"embeddable":true,"href":"https:\/\/pasaenmendoza.com\/index.php?rest_route=\/wp\/v2\/media\/1683"}],"wp:attachment":[{"href":"https:\/\/pasaenmendoza.com\/index.php?rest_route=%2Fwp%2Fv2%2Fmedia&parent=1682"}],"wp:term":[{"taxonomy":"category","embeddable":true,"href":"https:\/\/pasaenmendoza.com\/index.php?rest_route=%2Fwp%2Fv2%2Fcategories&post=1682"},{"taxonomy":"post_tag","embeddable":true,"href":"https:\/\/pasaenmendoza.com\/index.php?rest_route=%2Fwp%2Fv2%2Ftags&post=1682"}],"curies":[{"name":"wp","href":"https:\/\/api.w.org\/{rel}","templated":true}]}}