{"id":1686,"date":"2023-09-25T14:05:01","date_gmt":"2023-09-25T12:05:01","guid":{"rendered":"https:\/\/pasaenmendoza.com\/?p=1686"},"modified":"2023-09-25T14:05:03","modified_gmt":"2023-09-25T12:05:03","slug":"quienes-entran-a-la-legislatura-de-mendoza-tras-las-elecciones","status":"publish","type":"post","link":"https:\/\/pasaenmendoza.com\/?p=1686","title":{"rendered":"Qui\u00e9nes entran a la Legislatura de Mendoza tras las elecciones"},"content":{"rendered":"\n<p>Las\u00a0<strong>elecciones<\/strong>\u00a0provinciales celebradas este domingo arrojaron algunos resultados sorprendentes que se ver\u00e1n reflejados en la composici\u00f3n de la\u00a0<strong>Legislatura de Mendoza<\/strong>\u00a0desde el 10 de diciembre. La ciudadan\u00eda renov\u00f3 con su voto la mitad de la C\u00e1mara de\u00a0<strong>Diputados<\/strong>\u00a0(24 bancas) y la mitad de la C\u00e1mara de\u00a0<strong>Senadores<\/strong>\u00a0(19 bancas).<\/p>\n\n\n\n<p>M\u00e1s all\u00e1 de la victoria de Cambia Mendoza, los datos m\u00e1s llamativos que repercutir\u00e1n en t\u00e9rminos legislativos fueron la muy mala elecci\u00f3n del peronismo, la confirmaci\u00f3n electoral de La Uni\u00f3n Mendocina como segunda fuerza -cuyo desaf\u00edo sera ser\u00e1 mantener una alianza tan heterog\u00e9nea formada al calor de los comicios- y el gran resultado que obtuvo el Partido Verde, que incluso en algunos departamentos super\u00f3 al Frente Eleg\u00ed.<\/p>\n\n\n\n<p>De esta manera, habr\u00e1 m\u00e1s reparto de poder en ambas c\u00e1maras. El segundo mandato de Cornejo como gobernador ser\u00e1 con mayor\u00eda legislativa en\u00a0<strong>Diputados<\/strong>. En el\u00a0<strong>Senado<\/strong>, el panorama ser\u00e1 mucho m\u00e1s parejo.\u00a0<\/p>\n\n\n\n<p>De esta manera, habr\u00e1 m\u00e1s reparto de poder en ambas c\u00e1maras. El segundo mandato de Cornejo como gobernador ser\u00e1 con mayor\u00eda legislativa en\u00a0<strong>Diputados<\/strong>. En el\u00a0<strong>Senado<\/strong>, el panorama ser\u00e1 mucho m\u00e1s parejo.\u00a0<\/p>\n\n\n\n<p>\u00a0M\u00e1s complejo ser\u00e1 para el oficialismo en el\u00a0<strong>Senado<\/strong>, donde contar\u00e1 con 19 legisladores; el Partido Justicialista tendr\u00e1 10, La Uni\u00f3n Mendocina 8, y el Partido Verde 1. Al reunir la mitad de\u00a0<strong>senadores<\/strong>, el cornejismo no tendr\u00e1 qu\u00f3rum propio; es decir que depender\u00e1 de la oposici\u00f3n para llegar a la instancia de debatir leyes. En las votaciones, habr\u00e1 un virtual empate entre oficialismo y oposici\u00f3n -19 a 19-, con la posibilidad de que la presidenta del\u00a0<strong>Senado<\/strong>, Hebe Casado, defina a favor de Cambia Mendoza.\u00a0<\/p>\n\n\n\n<p>A continuaci\u00f3n, en base a la elecci\u00f3n de este domingo y al c\u00e1lculo hecho por el sitio\u00a0<em>Memo<\/em>, el detalle de qui\u00e9nes se quedaron con las bancas que se pon\u00edan en juego.<\/p>\n\n\n\n<p>Primer distrito (Guaymall\u00e9n, Las Heras, Capital y Lavalle)<\/p>\n\n\n\n<p>Por el Primer Distrito, se renovaban 8 bancas en la categor\u00eda\u00a0<strong>Diputados<\/strong>. A partir de los resultados, Cambia Mendoza se qued\u00f3 con 4 -Andr\u00e9s Lombardi (renueva), Beatriz Mart\u00ednez, Alberto L\u00f3pez y Sol Salinas-. La Uni\u00f3n Mendocina, con 2 -Jorge Difonso y Janina Ortiz-, el frente Eleg\u00ed con 1 -Ver\u00f3nica Valverde (renueva)- y el Partido Verde 1 -Mauro Giambastiani-.<\/p>\n\n\n\n<p>En la categor\u00eda&nbsp;<strong>Senadores<\/strong>, se renovaban 6 bancas, de las cuales 3 ser\u00e1n para Cambia Mendoza -Marcelino Iglesias, Natacha Eisenchlas (renueva) y Oscar Sevilla, 1 para La Uni\u00f3n Mendocina -Marcos Quatrini, 1 para el frente Eleg\u00ed -F\u00e9lix Gonz\u00e1lez- y 1 para el Partido Verde -Dugar Chappel-.<\/p>\n\n\n\n<p>Segundo Distrito (Maip\u00fa y zona este)<\/p>\n\n\n\n<p>En la C\u00e1mara de\u00a0<strong>Diputados<\/strong>\u00a0se renovaban 6 bancas por el Segundo Distrito, de las cuales, 3 fueron para Cambia Mendoza -Miguel Ronco, Elizabeth Crescitelli y Ra\u00fal Villach-, 2 para La Uni\u00f3n Mendocina -Gustavo Cairo (renueva) y Cintia G\u00f3mez- y 1 del frente Eleg\u00ed -Gabriela Lizana-.<\/p>\n\n\n\n<p>En el&nbsp;<strong>Senado<\/strong>, eran 5 las bancas en juego; 3 quedaron en manos de Cambia Mendoza -Mercedes Ruz (renueva), David Saez y Mar\u00eda Gali\u00f1ares-, 1 para La Uni\u00f3n Mendocina -Armando Magistretti (presidente del PD)-, y 1 para el frente Eleg\u00ed &#8211; Duilio Pezzutti (actualmente es diputado).<\/p>\n\n\n\n<p>Tercer Distrito (Godoy Cruz, Luj\u00e1n y Valle de Uco)<\/p>\n\n\n\n<p>En&nbsp;<strong>Diputados<\/strong>, donde se renovaban 5 bancas, 3 fueron para Cambia Mendoza -\u00c9rica Pulido, C\u00e9sar Cattaneo y Eugenia De Marchi- y 2 para La Uni\u00f3n Mendocina -Rolando Scanio y Stella Huczak-.<\/p>\n\n\n\n<p>En el&nbsp;<strong>Senado<\/strong>, eran 4 las bancas en juego por este distrito, distribuy\u00e9ndose 2 para Cambia Mendoza -Gustavo Soto y Yamel Ases-, y 2 para La Uni\u00f3n Mendocina -Ariel Pringles y Flavia Manoni.<\/p>\n\n\n\n<p>Cuarto Distrito (zona sur)<\/p>\n\n\n\n<p>De 5 bancas en juego, 2&nbsp;<strong>diputados<\/strong>&nbsp;meti\u00f3 Cambia Mendoza -Silvina G\u00f3mez y Franco Ambrosini-, 2 La Uni\u00f3n Mendocina -Jimena Cogo y Edgardo Civit Evans- y 1 por el peronismo -Germ\u00e1n G\u00f3mez (renueva)-.<\/p>\n\n\n\n<p>De 4 bancas en juego en el\u00a0<strong>Senado<\/strong>, 2 fueron para Cambia Mendoza en la zona sur -Walther Marcolini y Mar\u00eda Laura Sainz-, 1 para La Uni\u00f3n Mendocina -Mart\u00edn Rostand- y 1 para el frente Eleg\u00ed -Mauricio Sat-.<\/p>\n\n\n\n<p>FUENTE: mendozapost.<\/p>\n","protected":false},"excerpt":{"rendered":"<p>Las\u00a0elecciones\u00a0provinciales celebradas este domingo arrojaron algunos resultados sorprendentes que se ver\u00e1n reflejados en la composici\u00f3n de la\u00a0Legislatura de Mendoza\u00a0desde el 10 de diciembre. La ciudadan\u00eda renov\u00f3 con su voto la mitad de la C\u00e1mara de\u00a0Diputados\u00a0(24 bancas) y la mitad de la C\u00e1mara de\u00a0Senadores\u00a0(19 bancas). M\u00e1s all\u00e1 de la victoria de Cambia Mendoza, los datos m\u00e1s [&hellip;]<\/p>\n","protected":false},"author":2,"featured_media":1687,"comment_status":"open","ping_status":"open","sticky":true,"template":"","format":"standard","meta":[],"categories":[47],"tags":[],"_links":{"self":[{"href":"https:\/\/pasaenmendoza.com\/index.php?rest_route=\/wp\/v2\/posts\/1686"}],"collection":[{"href":"https:\/\/pasaenmendoza.com\/index.php?rest_route=\/wp\/v2\/posts"}],"about":[{"href":"https:\/\/pasaenmendoza.com\/index.php?rest_route=\/wp\/v2\/types\/post"}],"author":[{"embeddable":true,"href":"https:\/\/pasaenmendoza.com\/index.php?rest_route=\/wp\/v2\/users\/2"}],"replies":[{"embeddable":true,"href":"https:\/\/pasaenmendoza.com\/index.php?rest_route=%2Fwp%2Fv2%2Fcomments&post=1686"}],"version-history":[{"count":1,"href":"https:\/\/pasaenmendoza.com\/index.php?rest_route=\/wp\/v2\/posts\/1686\/revisions"}],"predecessor-version":[{"id":1688,"href":"https:\/\/pasaenmendoza.com\/index.php?rest_route=\/wp\/v2\/posts\/1686\/revisions\/1688"}],"wp:featuredmedia":[{"embeddable":true,"href":"https:\/\/pasaenmendoza.com\/index.php?rest_route=\/wp\/v2\/media\/1687"}],"wp:attachment":[{"href":"https:\/\/pasaenmendoza.com\/index.php?rest_route=%2Fwp%2Fv2%2Fmedia&parent=1686"}],"wp:term":[{"taxonomy":"category","embeddable":true,"href":"https:\/\/pasaenmendoza.com\/index.php?rest_route=%2Fwp%2Fv2%2Fcategories&post=1686"},{"taxonomy":"post_tag","embeddable":true,"href":"https:\/\/pasaenmendoza.com\/index.php?rest_route=%2Fwp%2Fv2%2Ftags&post=1686"}],"curies":[{"name":"wp","href":"https:\/\/api.w.org\/{rel}","templated":true}]}}