{"id":1689,"date":"2023-09-25T14:12:51","date_gmt":"2023-09-25T12:12:51","guid":{"rendered":"https:\/\/pasaenmendoza.com\/?p=1689"},"modified":"2023-09-25T14:12:52","modified_gmt":"2023-09-25T12:12:52","slug":"hasta-ultimo-momento-de-marchi-espero-el-apoyo-de-milei-que-nunca-llego","status":"publish","type":"post","link":"https:\/\/pasaenmendoza.com\/?p=1689","title":{"rendered":"Hasta \u00faltimo momento De Marchi esper\u00f3 el apoyo de Milei, que nunca lleg\u00f3"},"content":{"rendered":"\n<p>El exreferente del PRO en Mendoza que arm\u00f3 un espacio nuevo con anticornejistas que nunca le ganaron a Cornejo, hizo lo m\u00e1ximo para conseguir su respaldo. La tensi\u00f3n nunca se termin\u00f3. Hasta que le lleg\u00f3 la cuarta derrota a De Marchi.<\/p>\n\n\n\n<p><strong>Omar De Marchi busc\u00f3 desesperadamente una foto, una frase, un video, algo junto a Javier Milei, pero no lo consigui\u00f3.\u00a0<\/strong>Habl\u00f3 mucho del candidato anarco capitalista, pero no consigui\u00f3 que sucediera lo mismo en sentido inverso.<\/p>\n\n\n\n<p>Esto no es una especulaci\u00f3n, sino un dato.&nbsp;<\/p>\n\n\n\n<p>Ya para las PASO ocurri\u00f3 un episodio bochornoso. Fue cuando el ahora excandidato a intendente de La Uni\u00f3n Mendocina,\u00a0<strong>Hugo Laricchia,\u00a0consigui\u00f3 un video de Milei\u00a0en el que empezaba aclarando que &#8220;aunque no tengo candidato a gobernador en Mendoza&#8230;&#8221;<\/strong>, llamaba a votar contra Cornejo y los peronistas, todo adornado por la habitual sarta de improperios que lo caracteriza.<\/p>\n\n\n\n<p>Laricchia, ladero de Omar De Marchi, lo public\u00f3. Pero\u00a0<strong>luego lo borr\u00f3 y en el siguiente tuit aclar\u00f3 que fue a sugerencia de su community manager.<\/strong>\u00a0El nuevo video ya no ten\u00eda la aclaraci\u00f3n principal y cuando Milei sal\u00eda criticando a Cornejo y los peronistas,\u00a0<strong>le incrustaban en texto una y otra vez: &#8220;Omar De Marchi&#8221;, en una manipulaci\u00f3n rid\u00edcula<\/strong>, pero adem\u00e1s, perniciosa, porque jam\u00e1s lo dijo el candidato presidencial.<\/p>\n\n\n\n<p>El mism\u00edsimo d\u00eda en que se vot\u00f3 la maniobra de Sergio Massa sobre el Impuesto a las Ganancias, a De Marchi, como vicepresidente de la C\u00e1mara de Diputados, le toc\u00f3 presidir la sesi\u00f3n en ausencia de la presidenta, que es Cecilia Moreau. All\u00ed&nbsp;<strong>coquete\u00f3 con el libertario, pero vot\u00f3 totalmente diferente.<\/strong><\/p>\n\n\n\n<p>El d\u00eda de las elecciones en Mendoza, este domingo,\u00a0<strong>De Marchi dijo en conferencia de prensa que &#8220;habl\u00e9 mucho con Milei&#8221;<\/strong>. Cuando se le consult\u00f3 sobre qu\u00e9, se hizo el misterioso. Agreg\u00f3 el dato de que\u00a0<strong>&#8220;fue durante m\u00e1s de una hora&#8221;.<\/strong><\/p>\n\n\n\n<p>l asunto concreto pasa porque\u00a0<strong>intent\u00f3 en todo momento pegarse a Milei para ver si le transfer\u00eda votos, pero no lo consigui\u00f3 aun realizando el mayor de los esfuerzos.<\/strong><\/p>\n\n\n\n<p><strong>Milei comparte en Mendoza su electorado con Alfredo Cornejo<\/strong>. Lo votan a uno a nivel nacional y al otro a nivel provincial. Un estudio electoral realizado por Martha Reale -que fue una de las tantas bastardeadas en p\u00fablico por De Marchi- dio cuenta de que&nbsp;<strong>ambos reciben el apoyo de una misma franja equivalente al 40% del electorado<\/strong>.<\/p>\n\n\n\n<p>Cuando obtuvo el inmenso caudal de votos en las PASO presidenciales,&nbsp;<strong>De Marchi se arrim\u00f3 a la sede del Partido Dem\u00f3crata<\/strong>, estructura electoral de La Libertad Avanza en Mendoza, para felicitar y a la vez, q<strong>uedar &#8220;pegado&#8221;, aun despu\u00e9s de haber ejercido como operador en el &#8220;interior&#8221; del pa\u00eds de Horacio Rodr\u00edguez Larreta<\/strong>, a quien abandon\u00f3 cuando arm\u00f3 su propia fuerza junto a anticornejistas de diverso origen. Fue cuando Carlos Balter lo acompa\u00f1\u00f3 hasta la vereda, dej\u00e1ndolo fuera de la conferencia de prensa. Y de la posibilidad de compartir los m\u00e9ritos.<\/p>\n\n\n\n<p>Pero hay m\u00e1s:\u00a0<strong>De Marchi abri\u00f3 numerosos canales hacia Milei en la b\u00fasqueda de un video de apoyo,<\/strong>\u00a0concretamente. Tuvo\u00a0<strong>emisarios en los tres poderes del Estado que oficiaron de mensajeros<\/strong>, pero\u00a0<strong>ni siquiera obtuvieron un &#8220;no&#8221;<\/strong>\u00a0como respuesta.\u00a0<strong>La indiferencia fue la se\u00f1al n\u00edtida emitida por el libertario.<\/strong>\u00a0Es decir: o es mentira que &#8220;hablamos m\u00e1s de una hora con Javier&#8221; y que &#8220;tenemos una muy buena relaci\u00f3n&#8221;, o\u00a0<strong>es verdad que Milei por nada del mundo hubiera respaldado a De Marchi<\/strong>, como finalmente sucedi\u00f3 con claridad.<\/p>\n\n\n\n<p>FUENTE: memo.com.ar<\/p>\n","protected":false},"excerpt":{"rendered":"<p>El exreferente del PRO en Mendoza que arm\u00f3 un espacio nuevo con anticornejistas que nunca le ganaron a Cornejo, hizo lo m\u00e1ximo para conseguir su respaldo. La tensi\u00f3n nunca se termin\u00f3. Hasta que le lleg\u00f3 la cuarta derrota a De Marchi. Omar De Marchi busc\u00f3 desesperadamente una foto, una frase, un video, algo junto a [&hellip;]<\/p>\n","protected":false},"author":2,"featured_media":1690,"comment_status":"open","ping_status":"open","sticky":true,"template":"","format":"standard","meta":[],"categories":[47],"tags":[],"_links":{"self":[{"href":"https:\/\/pasaenmendoza.com\/index.php?rest_route=\/wp\/v2\/posts\/1689"}],"collection":[{"href":"https:\/\/pasaenmendoza.com\/index.php?rest_route=\/wp\/v2\/posts"}],"about":[{"href":"https:\/\/pasaenmendoza.com\/index.php?rest_route=\/wp\/v2\/types\/post"}],"author":[{"embeddable":true,"href":"https:\/\/pasaenmendoza.com\/index.php?rest_route=\/wp\/v2\/users\/2"}],"replies":[{"embeddable":true,"href":"https:\/\/pasaenmendoza.com\/index.php?rest_route=%2Fwp%2Fv2%2Fcomments&post=1689"}],"version-history":[{"count":1,"href":"https:\/\/pasaenmendoza.com\/index.php?rest_route=\/wp\/v2\/posts\/1689\/revisions"}],"predecessor-version":[{"id":1691,"href":"https:\/\/pasaenmendoza.com\/index.php?rest_route=\/wp\/v2\/posts\/1689\/revisions\/1691"}],"wp:featuredmedia":[{"embeddable":true,"href":"https:\/\/pasaenmendoza.com\/index.php?rest_route=\/wp\/v2\/media\/1690"}],"wp:attachment":[{"href":"https:\/\/pasaenmendoza.com\/index.php?rest_route=%2Fwp%2Fv2%2Fmedia&parent=1689"}],"wp:term":[{"taxonomy":"category","embeddable":true,"href":"https:\/\/pasaenmendoza.com\/index.php?rest_route=%2Fwp%2Fv2%2Fcategories&post=1689"},{"taxonomy":"post_tag","embeddable":true,"href":"https:\/\/pasaenmendoza.com\/index.php?rest_route=%2Fwp%2Fv2%2Ftags&post=1689"}],"curies":[{"name":"wp","href":"https:\/\/api.w.org\/{rel}","templated":true}]}}