{"id":1692,"date":"2023-09-25T14:19:02","date_gmt":"2023-09-25T12:19:02","guid":{"rendered":"https:\/\/pasaenmendoza.com\/?p=1692"},"modified":"2023-09-25T14:19:03","modified_gmt":"2023-09-25T12:19:03","slug":"el-pj-mendocino-hizo-su-peor-eleccion-desde-la-vuelta-de-la-democracia","status":"publish","type":"post","link":"https:\/\/pasaenmendoza.com\/?p=1692","title":{"rendered":"El PJ mendocino hizo su peor elecci\u00f3n desde la vuelta de la democracia"},"content":{"rendered":"\n<p>mar Parisi y Lucas Ilardo alcanzaron el 14,73% de los votos, seg\u00fan el escrutinio provisorio. El peronismo qued\u00f3 como tercera fuerzas despu\u00e9s de La Uni\u00f3n Mendocina. El desaf\u00edo de la reconstrucci\u00f3n.<\/p>\n\n\n\n<p>No hay m\u00fasica, se escuchan algunos murmullos y la voz de un periodista haciendo una salida al aire. En el fondo un micr\u00f3fono solitario y dos televisores sintonizados con los canales de aire completan la escena desoladora. No hay militancia ni dirigencia en el b\u00fanker del\u00a0<strong>peronismo<\/strong>\u00a0de Mendoza. Solo el equipo de prensa y de campa\u00f1a de\u00a0<strong>Omar Parisi<\/strong>\u00a0y Lucas Ilardo esperan los resultados definitivos de las\u00a0<strong>elecciones<\/strong>\u00a0generales mientras que en Cambia Mendoza festejan que Alfredo Cornejo volver\u00e1 a gobernar la provincia en diciembre y con ese mandato sumar\u00e1n 12 a\u00f1os de radicalismo en la Casa de Gobierno.<\/p>\n\n\n\n<p>Los n\u00fameros del\u00a0<strong>peronismo<\/strong>\u00a0son alarmantes. Es la peor elecci\u00f3n desde la vuelta de la democracia. Seg\u00fan el escrutinio provisorio, la f\u00f3rmula del Frente Eleg\u00ed alcanza el 14,73% de los votos y qued\u00f3 atr\u00e1s de La Uni\u00f3n Mendocina que con la f\u00f3rmula de Omar De Marchi y Daniel Orozco cosech\u00f3 29% de los sufragios.<\/p>\n\n\n\n<h2 class=\"wp-block-heading\">El peronismo qued\u00f3 tercero<\/h2>\n\n\n\n<p>No es la primera vez que el PJ queda relegado al tercer lugar. En 1999, cuando el radical Roberto Iglesias result\u00f3 electo gobernador, el segundo lugar fue para el dem\u00f3crata Carlos Balter y el intendente de Maip\u00fa Francisco Garc\u00eda qued\u00f3 tercero.\u00a0<br>En el hist\u00f3rico de los \u00faltimos 40 a\u00f1os de democracia los resultados de ayer marcaron un piso para el PJ. Hasta ahora, el 28% de Garc\u00eda era un r\u00e9cord que nadie hab\u00eda travesado. En otras derrotas el justicialismo se hab\u00eda quedado a menos de 10 puntos del ganador con el 36% de los votos. Estos fueron los casos de Jos\u00e9 Carlos Motta en 1983 y Guillermo Amstutz en 2003.\u00a0<\/p>\n\n\n\n<p>Despu\u00e9s de las gobernaciones de Celso Jaque y Francisco P\u00e9rez, Adolfo Bermejo perdi\u00f3 frente a Alfredo Cornejo por 7 puntos y cosech\u00f3 el 41 de los sufragios. La brecha comenz\u00f3 a agrandarse en 2019 cuando Anabel Fern\u00e1ndez Sagasti sac\u00f3 36% de los votos y qued\u00f3 a 15 puntos de Rodolfo Suarez. La brecha se hizo un abismo y ahora el PJ qued\u00f3 a\u00a0 casi 25\u00a0puntos de Alfredo Cornejo.\u00a0<\/p>\n\n\n\n<h2 class=\"wp-block-heading\">Reconocer la derrota<\/h2>\n\n\n\n<p>Despu\u00e9s del cierre de los comicios, la primera que habl\u00f3 en el b\u00fanker del&nbsp;<strong>peronismo&nbsp;<\/strong>fue Marisa Uceda. La diputada nacional kirchnerista dijo que ten\u00edan que esperar los resultados oficiales y refugi\u00f3 en otra oficina de la sede del PJ.<\/p>\n\n\n\n<p>Cerca de las 21,\u00a0<strong>Omar Parisi<\/strong>\u00a0y Lucas Ilardo llegaron al b\u00fanker y hablaron con los medios. \u201cNo hemos sido la alternativa que esperaban los mendocinos. No habremos cumplido con las expectativas que ten\u00eda el pueblo mendocino con nosotros. Nosotros hemos dado todo lo que pod\u00edamos dar, hemos trabajado much\u00edsimo, hemos llevado propuestas, planes distintos. El pueblo eligi\u00f3 de otra manera y hay que respetarlo\u201d, dijo Parisi sin entrar en pol\u00e9mica con otros partidos.\u00a0<\/p>\n\n\n\n<p>\u201cEn algunos departamentos me sent\u00ed apoyado y en otros, no. Lo van a ver en los resultados. Estamos peleando las bancas. El PJ necesita unidad\u201d, agreg\u00f3.<\/p>\n\n\n\n<p>Despu\u00e9s fue el turno del candidato a vicegobernador, Lucas Ilardo: \u201cLos dirigentes tenemos la m\u00e1xima responsabilidad. Los que se escondieron tendr\u00e1n que hacer su an\u00e1lisis. Lo importante es qui\u00e9n duerme con la conciencia tranquila.&nbsp;<strong>Omar Parisi<\/strong>&nbsp;y yo dormimos con la conciencia tranquila porque dimos todo. El PJ se va a reconstruir\u201d.<\/p>\n\n\n\n<p>Adem\u00e1s, el senador provincial hizo un an\u00e1lisis de las\u00a0<strong>elecciones<\/strong>. \u201cMuchos de los votos de Petri fueron al Partido Verde, fue un voto enojado con la pol\u00edtica tradicional. Hay mucha gente que est\u00e1 enojada con los partidos tradicionales, entre los cuales est\u00e1 el\u00a0<strong>peronismo\u00a0<\/strong>por la situaci\u00f3n nacional\u201d, a\u00f1adi\u00f3.<\/p>\n\n\n\n<p>Por otro lado, Ilardo reafirm\u00f3 la militancia a nivel nacional. \u201cA partir de ma\u00f1ana salimos a caminar por Sergio Massa\u201d, cerr\u00f3.<br>En el b\u00fanker estuvieron &nbsp;Adolfo Bermejo, Jorge Tan\u00fas, Marisa Garnica, Patricia Fadel, Duilio Pezzutti, Marisa Uceda, Eber P\u00e9rez Plaza, Mart\u00edn Aveiro y Anabel Fern\u00e1ndez Sagasti que evit\u00f3 los flashes y se ubic\u00f3 en las l\u00edneas de atr\u00e1s. Las ausencias m\u00e1s notorias fueron los hermanos F\u00e9lix de San Rafael y los intendentes peronistas. No estuvieron: Mat\u00edas Stevanato, Flor Dest\u00e9fanis ni Fernando Ubieta.&nbsp;<\/p>\n\n\n\n<h2 class=\"wp-block-heading\">El desaf\u00edo de la reconstrucci\u00f3n<\/h2>\n\n\n\n<p>Tres derrotas consecutivas en&nbsp;<strong>elecciones&nbsp;<\/strong>generales dejan muchas aristas para analizar. La falta de un l\u00edder para limar asperezas, el cuidado del territorio departamental, la migraci\u00f3n de dirigentes a La Uni\u00f3n Mendocina y las diferencias irreconciliables entre los intendentes y el kirchnerismo mendocino son algunos de los factores que pueden haber afectado.&nbsp;<\/p>\n\n\n\n<p>Este a\u00f1o, la estrategia de una PASO entre cuatro precandidatos no dio los resultados esperados. El porcentaje cercano al 15 se mantuvo en las generales. Todos coinciden en lo mismo, se vienen cuatro a\u00f1os por delante para reconstruir el\u00a0<strong>peronismo\u00a0<\/strong>mendocino y fortalecer nuevos liderazgos.<\/p>\n\n\n\n<p>FUENTE: mdzonline.<\/p>\n","protected":false},"excerpt":{"rendered":"<p>mar Parisi y Lucas Ilardo alcanzaron el 14,73% de los votos, seg\u00fan el escrutinio provisorio. El peronismo qued\u00f3 como tercera fuerzas despu\u00e9s de La Uni\u00f3n Mendocina. El desaf\u00edo de la reconstrucci\u00f3n. No hay m\u00fasica, se escuchan algunos murmullos y la voz de un periodista haciendo una salida al aire. En el fondo un micr\u00f3fono solitario [&hellip;]<\/p>\n","protected":false},"author":2,"featured_media":1693,"comment_status":"open","ping_status":"open","sticky":true,"template":"","format":"standard","meta":[],"categories":[47],"tags":[],"_links":{"self":[{"href":"https:\/\/pasaenmendoza.com\/index.php?rest_route=\/wp\/v2\/posts\/1692"}],"collection":[{"href":"https:\/\/pasaenmendoza.com\/index.php?rest_route=\/wp\/v2\/posts"}],"about":[{"href":"https:\/\/pasaenmendoza.com\/index.php?rest_route=\/wp\/v2\/types\/post"}],"author":[{"embeddable":true,"href":"https:\/\/pasaenmendoza.com\/index.php?rest_route=\/wp\/v2\/users\/2"}],"replies":[{"embeddable":true,"href":"https:\/\/pasaenmendoza.com\/index.php?rest_route=%2Fwp%2Fv2%2Fcomments&post=1692"}],"version-history":[{"count":1,"href":"https:\/\/pasaenmendoza.com\/index.php?rest_route=\/wp\/v2\/posts\/1692\/revisions"}],"predecessor-version":[{"id":1695,"href":"https:\/\/pasaenmendoza.com\/index.php?rest_route=\/wp\/v2\/posts\/1692\/revisions\/1695"}],"wp:featuredmedia":[{"embeddable":true,"href":"https:\/\/pasaenmendoza.com\/index.php?rest_route=\/wp\/v2\/media\/1693"}],"wp:attachment":[{"href":"https:\/\/pasaenmendoza.com\/index.php?rest_route=%2Fwp%2Fv2%2Fmedia&parent=1692"}],"wp:term":[{"taxonomy":"category","embeddable":true,"href":"https:\/\/pasaenmendoza.com\/index.php?rest_route=%2Fwp%2Fv2%2Fcategories&post=1692"},{"taxonomy":"post_tag","embeddable":true,"href":"https:\/\/pasaenmendoza.com\/index.php?rest_route=%2Fwp%2Fv2%2Ftags&post=1692"}],"curies":[{"name":"wp","href":"https:\/\/api.w.org\/{rel}","templated":true}]}}