{"id":1694,"date":"2023-09-25T14:21:08","date_gmt":"2023-09-25T12:21:08","guid":{"rendered":"https:\/\/pasaenmendoza.com\/?p=1694"},"modified":"2023-09-25T14:21:10","modified_gmt":"2023-09-25T12:21:10","slug":"alerta-por-posible-viento-zonda-despues-del-mediodia","status":"publish","type":"post","link":"https:\/\/pasaenmendoza.com\/?p=1694","title":{"rendered":"Alerta por posible viento Zonda despu\u00e9s del mediod\u00eda"},"content":{"rendered":"\n<p>Este lunes el tiempo estar\u00e1 c\u00e1lido y con cielo mayormente nublado, Y hay alerta amarilla por\u00a0<strong>probable ocurrencia de viento Zonda<\/strong>\u00a0en varios departamentos de la provincia.\u00a0<\/p>\n\n\n\n<p>Seg\u00fan las previsiones del\u00a0<strong>Servicio Meteorol\u00f3gico Nacional<\/strong>, el cielo se mantendr\u00e1 mayormente nublado y la\u00a0<strong>m\u00e1xima esperada es de 19\u00b0<\/strong>.\u00a0<\/p>\n\n\n\n<p>En tanto que la previsi\u00f3n de Zonda abarca desde el sur, afectando a San Rafael y Alvear, parte de Malarg\u00fce, los departamentos del Valle de Uco y el Gran Mendoza, incluyendo el\u00a0 Norte de Las Heras.\u00a0<\/p>\n\n\n\n<p>Seg\u00fan el pron\u00f3stico, el viento podr\u00eda afectar el llano luego del mediod\u00eda.\u00a0<\/p>\n\n\n\n<p>Para ma\u00f1ana martes se esperan\u00a0<strong>chaparrones y lluvias aisladas<\/strong>, con una m\u00e1xima de 20\u00b0. El mi\u00e9rcoles ya sale el sol y la temperatura comienza a elevarse.\u00a0<\/p>\n\n\n\n<p><strong>Fuente: www.mendozapost.com<\/strong><\/p>\n","protected":false},"excerpt":{"rendered":"<p>Este lunes el tiempo estar\u00e1 c\u00e1lido y con cielo mayormente nublado, Y hay alerta amarilla por\u00a0probable ocurrencia de viento Zonda\u00a0en varios departamentos de la provincia.\u00a0 Seg\u00fan las previsiones del\u00a0Servicio Meteorol\u00f3gico Nacional, el cielo se mantendr\u00e1 mayormente nublado y la\u00a0m\u00e1xima esperada es de 19\u00b0.\u00a0 En tanto que la previsi\u00f3n de Zonda abarca desde el sur, afectando [&hellip;]<\/p>\n","protected":false},"author":2,"featured_media":1696,"comment_status":"open","ping_status":"open","sticky":false,"template":"","format":"standard","meta":[],"categories":[46],"tags":[],"_links":{"self":[{"href":"https:\/\/pasaenmendoza.com\/index.php?rest_route=\/wp\/v2\/posts\/1694"}],"collection":[{"href":"https:\/\/pasaenmendoza.com\/index.php?rest_route=\/wp\/v2\/posts"}],"about":[{"href":"https:\/\/pasaenmendoza.com\/index.php?rest_route=\/wp\/v2\/types\/post"}],"author":[{"embeddable":true,"href":"https:\/\/pasaenmendoza.com\/index.php?rest_route=\/wp\/v2\/users\/2"}],"replies":[{"embeddable":true,"href":"https:\/\/pasaenmendoza.com\/index.php?rest_route=%2Fwp%2Fv2%2Fcomments&post=1694"}],"version-history":[{"count":1,"href":"https:\/\/pasaenmendoza.com\/index.php?rest_route=\/wp\/v2\/posts\/1694\/revisions"}],"predecessor-version":[{"id":1697,"href":"https:\/\/pasaenmendoza.com\/index.php?rest_route=\/wp\/v2\/posts\/1694\/revisions\/1697"}],"wp:featuredmedia":[{"embeddable":true,"href":"https:\/\/pasaenmendoza.com\/index.php?rest_route=\/wp\/v2\/media\/1696"}],"wp:attachment":[{"href":"https:\/\/pasaenmendoza.com\/index.php?rest_route=%2Fwp%2Fv2%2Fmedia&parent=1694"}],"wp:term":[{"taxonomy":"category","embeddable":true,"href":"https:\/\/pasaenmendoza.com\/index.php?rest_route=%2Fwp%2Fv2%2Fcategories&post=1694"},{"taxonomy":"post_tag","embeddable":true,"href":"https:\/\/pasaenmendoza.com\/index.php?rest_route=%2Fwp%2Fv2%2Ftags&post=1694"}],"curies":[{"name":"wp","href":"https:\/\/api.w.org\/{rel}","templated":true}]}}