{"id":1698,"date":"2023-09-25T14:51:51","date_gmt":"2023-09-25T12:51:51","guid":{"rendered":"https:\/\/pasaenmendoza.com\/?p=1698"},"modified":"2023-09-25T14:51:52","modified_gmt":"2023-09-25T12:51:52","slug":"ipv-mi-casa-se-realizo-el-primer-sorteo-para-15-barrios-de-mendoza","status":"publish","type":"post","link":"https:\/\/pasaenmendoza.com\/?p=1698","title":{"rendered":"IPV Mi Casa: se realiz\u00f3 el primer sorteo para 15 barrios de Mendoza"},"content":{"rendered":"\n<p>Este lunes desde las 9.30 se realizaron los sorteos del\u00a0<strong>Instituto Provincial de la Vivienda\u00a0<\/strong>(IPV) para elegir a quienes podr\u00e1n acceder a un cr\u00e9dito del organismo y acceder al sue\u00f1o de la casa propia.<\/p>\n\n\n\n<p>En cada sorteo de\u00a0<strong>\u201cIPV Mi Casa\u201d\u00a0<\/strong>quedar\u00e1 determinado un titular y dos suplentes por cada unidad del proyecto teniendo en cuenta las diversas tipolog\u00edas en la que se inscribieron (1, 2 o 3 dormitorios o vivienda adaptada).<\/p>\n\n\n\n<p>Este lunes fueron 15 los barrios que ser\u00e1n sorteados, los cuales est\u00e1n distribuidos en los departamentos de\u00a0<strong>Maip\u00fa, Guaymall\u00e9n, Las Heras, San Mart\u00edn, Luj\u00e1n y San Rafael.<\/strong><\/p>\n\n\n\n<p>En tanto, los barrios ser\u00e1n Cuyoil, Azcu\u00e9naga 3\u00ba etapa, Alto Luj\u00e1n Norte, Ant\u00e1rtida Argentina, Rio Diamante IV, Loteo Yabor, El Recodo \u2013 4\u00ba etapa, Parque Norte I, Viejo Tonel, Rio Diamante 3\u00ba etapa, San Gabriel, Villa Delfina 3\u00ba etapa, Azcu\u00e9naga 2\u00ba etapa, Las Vi\u00f1as I y El Prado III.<\/p>\n\n\n\n<h2 class=\"wp-block-heading\" id=\"h-el-cronograma-para-los-proximos-dias\">El cronograma para los pr\u00f3ximos d\u00edas<\/h2>\n\n\n\n<ul>\n<li><\/li>\n<\/ul>\n\n\n\n<ul>\n<li><strong>Martes<\/strong>: Alvear I-B, El Recodo III, Sunvalley III, Jer\u00f3nimo Ruiz II, Sunvalley I, Las Vi\u00f1as II, Ozamis A., Ozamis B, Jer\u00f3nimo Ruiz I, Paseo Di Fiore B, Loteo Malabia, Juan Vicente, San Telmo Sur, Terru\u00f1o \u2013 2\u00ba etapa y Alvear I-A.<\/li>\n<\/ul>\n\n\n\n<p><strong>Mi\u00e9rcoles:<\/strong>\u00a0Paseo Di Fiore A, General Alvear C, Orbelli II, Lares de la Pur\u00edsima, Casas del Pueblo IV, Ozamis C, Uspallata y Tijera, El Recodo 3\u00ba etapa, Brandsen, Los Filtros, Loteo Estrada, Terru\u00f1os B., Posta Norte, Ant\u00e1rtida Argentina \u2013 1\u00ba Etapa y H\u00e9roes de Malvinas.<\/p>\n\n\n\n<ul>\n<li><strong>Jueves:<\/strong>&nbsp;Jardines de Civit, Roca II, Rio Diamante \u2013 5\u00ba etapa, Las Tacas, Montecaseros, El Prado 3\u00ba etapa, San Ignacio, Solares de Diamante, Juan Vanella, Terru\u00f1os A \u2013 3\u00ba etapa, Jer\u00f3nimo Ruiz, Loteo Venetto, Sunvalley II y Villa Delfina IV.<\/li>\n<\/ul>\n\n\n\n<p><strong>Fuente: www.elsol.com.ar<\/strong><\/p>\n","protected":false},"excerpt":{"rendered":"<p>Este lunes desde las 9.30 se realizaron los sorteos del\u00a0Instituto Provincial de la Vivienda\u00a0(IPV) para elegir a quienes podr\u00e1n acceder a un cr\u00e9dito del organismo y acceder al sue\u00f1o de la casa propia. En cada sorteo de\u00a0\u201cIPV Mi Casa\u201d\u00a0quedar\u00e1 determinado un titular y dos suplentes por cada unidad del proyecto teniendo en cuenta las diversas [&hellip;]<\/p>\n","protected":false},"author":2,"featured_media":1699,"comment_status":"open","ping_status":"open","sticky":false,"template":"","format":"standard","meta":[],"categories":[65],"tags":[],"_links":{"self":[{"href":"https:\/\/pasaenmendoza.com\/index.php?rest_route=\/wp\/v2\/posts\/1698"}],"collection":[{"href":"https:\/\/pasaenmendoza.com\/index.php?rest_route=\/wp\/v2\/posts"}],"about":[{"href":"https:\/\/pasaenmendoza.com\/index.php?rest_route=\/wp\/v2\/types\/post"}],"author":[{"embeddable":true,"href":"https:\/\/pasaenmendoza.com\/index.php?rest_route=\/wp\/v2\/users\/2"}],"replies":[{"embeddable":true,"href":"https:\/\/pasaenmendoza.com\/index.php?rest_route=%2Fwp%2Fv2%2Fcomments&post=1698"}],"version-history":[{"count":1,"href":"https:\/\/pasaenmendoza.com\/index.php?rest_route=\/wp\/v2\/posts\/1698\/revisions"}],"predecessor-version":[{"id":1700,"href":"https:\/\/pasaenmendoza.com\/index.php?rest_route=\/wp\/v2\/posts\/1698\/revisions\/1700"}],"wp:featuredmedia":[{"embeddable":true,"href":"https:\/\/pasaenmendoza.com\/index.php?rest_route=\/wp\/v2\/media\/1699"}],"wp:attachment":[{"href":"https:\/\/pasaenmendoza.com\/index.php?rest_route=%2Fwp%2Fv2%2Fmedia&parent=1698"}],"wp:term":[{"taxonomy":"category","embeddable":true,"href":"https:\/\/pasaenmendoza.com\/index.php?rest_route=%2Fwp%2Fv2%2Fcategories&post=1698"},{"taxonomy":"post_tag","embeddable":true,"href":"https:\/\/pasaenmendoza.com\/index.php?rest_route=%2Fwp%2Fv2%2Ftags&post=1698"}],"curies":[{"name":"wp","href":"https:\/\/api.w.org\/{rel}","templated":true}]}}