{"id":1701,"date":"2023-09-25T15:08:47","date_gmt":"2023-09-25T13:08:47","guid":{"rendered":"https:\/\/pasaenmendoza.com\/?p=1701"},"modified":"2023-09-25T15:08:48","modified_gmt":"2023-09-25T13:08:48","slug":"policias-le-salvaron-la-vida-a-un-recien-nacido-que-no-podia-respirar","status":"publish","type":"post","link":"https:\/\/pasaenmendoza.com\/?p=1701","title":{"rendered":"Polic\u00edas le salvaron la vida a un reci\u00e9n nacido que no pod\u00eda respirar"},"content":{"rendered":"\n<p>Polic\u00edas le salvaron la vida la tarde de este domingo a un beb\u00e9 reci\u00e9n nacido en<strong>\u00a0Las Heras<\/strong>. El peque\u00f1o no pod\u00eda respirar y lo reanimaron con maniobras de RCP. Fue hospitalizado y diagnosticado con\u00a0<strong>s\u00edndrome de coqueluchoide<\/strong>.<\/p>\n\n\n\n<p>Todo comenz\u00f3 cerca del mediod\u00eda cuando la madre de la criatura se comunic\u00f3 con la l\u00ednea de emergencias 911 y pidi\u00f3 auxilio porque su hijito de apenas un mes de vida llevaba varios minutos ahogado.<\/p>\n\n\n\n<p>Ante eso, polic\u00edas se desplazaron hasta el domicilio de calle Per\u00fa 1900 y constataron que el beb\u00e9\u00a0<mark>se encontraba en estado de cianosis, ya que presentaba un tono azulado en la piel, ten\u00eda el pulso bajo y no pod\u00eda respirar<\/mark>, relataron las fuentes policiales.<\/p>\n\n\n\n<p>Debido al grave estado, lo cargaron en una movilidad y procedieron a trasladarlo al nosocomio m\u00e1s cercano.<\/p>\n\n\n\n<p>En el camino, mediante las indicaciones v\u00eda telef\u00f3nica del personal del\u00a0<strong>Servicio de Emergencias Coordinado<\/strong>\u00a0(<strong>SEC<\/strong>), los efectivos\u00a0<mark>le realizaron al peque\u00f1o maniobras de reanimaci\u00f3n cardiopulmonar (RCP) y pudieron reanimarlo, logrando que rompa en llanto<\/mark>.<\/p>\n\n\n\n<p>Posteriormente, ingresaron al reci\u00e9n nacido al\u00a0<strong>Hospital Carrillo<\/strong>, donde fue asistido por una m\u00e9dica de la guardia, quien\u00a0<mark>le diagnostic\u00f3 s\u00edndrome de coqueluchoide, tambi\u00e9n conocido como tos convulsa, una enfermedad respiratoria que afecta mayormente a los ni\u00f1os<\/mark>.<\/p>\n\n\n\n<p>As\u00ed las cosas, la criatura, nacida el pasado 13 de agosto, qued\u00f3 internada en centro asistencia lasherino en compa\u00f1\u00eda de su madre.<\/p>\n\n\n\n<p><strong>Fuente: www.elsol.com.ar<\/strong><\/p>\n","protected":false},"excerpt":{"rendered":"<p>Polic\u00edas le salvaron la vida la tarde de este domingo a un beb\u00e9 reci\u00e9n nacido en\u00a0Las Heras. El peque\u00f1o no pod\u00eda respirar y lo reanimaron con maniobras de RCP. Fue hospitalizado y diagnosticado con\u00a0s\u00edndrome de coqueluchoide. Todo comenz\u00f3 cerca del mediod\u00eda cuando la madre de la criatura se comunic\u00f3 con la l\u00ednea de emergencias 911 [&hellip;]<\/p>\n","protected":false},"author":2,"featured_media":1702,"comment_status":"open","ping_status":"open","sticky":false,"template":"","format":"standard","meta":[],"categories":[48],"tags":[],"_links":{"self":[{"href":"https:\/\/pasaenmendoza.com\/index.php?rest_route=\/wp\/v2\/posts\/1701"}],"collection":[{"href":"https:\/\/pasaenmendoza.com\/index.php?rest_route=\/wp\/v2\/posts"}],"about":[{"href":"https:\/\/pasaenmendoza.com\/index.php?rest_route=\/wp\/v2\/types\/post"}],"author":[{"embeddable":true,"href":"https:\/\/pasaenmendoza.com\/index.php?rest_route=\/wp\/v2\/users\/2"}],"replies":[{"embeddable":true,"href":"https:\/\/pasaenmendoza.com\/index.php?rest_route=%2Fwp%2Fv2%2Fcomments&post=1701"}],"version-history":[{"count":1,"href":"https:\/\/pasaenmendoza.com\/index.php?rest_route=\/wp\/v2\/posts\/1701\/revisions"}],"predecessor-version":[{"id":1703,"href":"https:\/\/pasaenmendoza.com\/index.php?rest_route=\/wp\/v2\/posts\/1701\/revisions\/1703"}],"wp:featuredmedia":[{"embeddable":true,"href":"https:\/\/pasaenmendoza.com\/index.php?rest_route=\/wp\/v2\/media\/1702"}],"wp:attachment":[{"href":"https:\/\/pasaenmendoza.com\/index.php?rest_route=%2Fwp%2Fv2%2Fmedia&parent=1701"}],"wp:term":[{"taxonomy":"category","embeddable":true,"href":"https:\/\/pasaenmendoza.com\/index.php?rest_route=%2Fwp%2Fv2%2Fcategories&post=1701"},{"taxonomy":"post_tag","embeddable":true,"href":"https:\/\/pasaenmendoza.com\/index.php?rest_route=%2Fwp%2Fv2%2Ftags&post=1701"}],"curies":[{"name":"wp","href":"https:\/\/api.w.org\/{rel}","templated":true}]}}