{"id":1704,"date":"2023-09-25T15:39:07","date_gmt":"2023-09-25T13:39:07","guid":{"rendered":"https:\/\/pasaenmendoza.com\/?p=1704"},"modified":"2023-09-25T15:39:08","modified_gmt":"2023-09-25T13:39:08","slug":"la-afip-aclaro-que-para-la-devolucion-del-iva-debe-estar-declarado-el-cbu-bancario-del-beneficiario","status":"publish","type":"post","link":"https:\/\/pasaenmendoza.com\/?p=1704","title":{"rendered":"La AFIP aclar\u00f3 que para la devoluci\u00f3n del IVA debe estar declarado el CBU bancario del beneficiario"},"content":{"rendered":"\n<p>Pese a que la\u00a0<strong>devoluci\u00f3n del IVA<\/strong>\u00a0que anunci\u00f3 el ministro de Econom\u00eda, Sergio Massa, en principio no implicaba gesti\u00f3n adicional alguna, existen ciertos procesos a tener en cuenta a la hora de realizar el pago.<\/p>\n\n\n\n<h2 class=\"wp-block-heading\">Devoluci\u00f3n de IVA, \u00bfc\u00f3mo saber si me corresponde el beneficio?<\/h2>\n\n\n\n<p>La medida anunciada por el Gobierno tiene algunos requisitos b\u00e1sicos.<\/p>\n\n\n\n<p>En primer lugar;<strong>&nbsp;el titular de la compra deber\u00e1 tener ingresos menores a $ 708.000 mensuales<\/strong>. Por otro lado, el pago se deber\u00e1 realizar con&nbsp;<strong>tarjeta de d\u00e9bito<\/strong>&nbsp;y solo aplica para los&nbsp;<strong>productos de la canasta b\u00e1sica<\/strong>.<\/p>\n\n\n\n<p>AFIP adem\u00e1s aclar\u00f3 que, si bien no se demanda una instancia de inscripci\u00f3n, hay una condici\u00f3n clave:&nbsp;<strong>los beneficiarios deben tener declarado el CBU ante el organismo fiscal<\/strong>.<\/p>\n\n\n\n<p>Esta medida tiene que ver con que todos los pagos que realizar el ente recaudador en materia de reembolsos o cr\u00e9ditos se ejecutan a trav\u00e9s de&nbsp;<strong>una transferencia que realiza el Banco Naci\u00f3n a la cuenta rotulada como &#8220;Declaraci\u00f3n de CBU&#8221;<\/strong>.<\/p>\n\n\n\n<p>Es importante destacar que\u00a0<strong>los trabajadores formales en relaci\u00f3n de dependencia ya est\u00e1n dados de alta por sus empleadores en el sitio web de AFIP<\/strong>. De esta forma, el CUIL y CBU quedan asociados a la cuenta sueldo. Lo mismo pasa con pensionados, jubilados y aquellos que recibieron el ATP.<\/p>\n\n\n\n<h2 class=\"wp-block-heading\">\u00bfQui\u00e9nes deben declarar el CBU y c\u00f3mo se hace?<\/h2>\n\n\n\n<p>Los principales afectados por este requisito son los&nbsp;<strong>monotributistas&nbsp;<\/strong>y las&nbsp;<strong>empleadas dom\u00e9sticas<\/strong>. Misma situaci\u00f3n corre para&nbsp;<strong>todos aquellos que no dispongan de un CBU registrado en AFIP<\/strong>.<\/p>\n\n\n\n<p>De todas maneras, el&nbsp;<strong>tr\u00e1mite es sencillo<\/strong>: se necesita una&nbsp;<strong>clave fiscal<\/strong>&nbsp;que se obtiene v\u00eda web o una oficina del organismo.<\/p>\n\n\n\n<ul>\n<li>Ingresar al sitio oficial de AFIP con CUIL y clave fiscal y luego a la secci\u00f3n &#8220;declaraci\u00f3n de CBU&#8221;.<\/li>\n\n\n\n<li>En esa interfaz, se puede ver si est\u00e1 asociada, o no.<\/li>\n\n\n\n<li>Para agregar un CBU nuevo, hay que dirigirse a ese listado y pulsar la opci\u00f3n de &#8220;registrar CBU&#8221;.<\/li>\n\n\n\n<li>El sistema va a pedir los 22 n\u00fameros de la clave bancaria y la raz\u00f3n para ingresarla.<\/li>\n\n\n\n<li>El \u00faltimo paso es la confirmaci\u00f3n en &#8220;Informar CBU&#8221;.<\/li>\n\n\n\n<li>Cuando el proceso est\u00e9 concluido, el banco emitir\u00e1 una autorizaci\u00f3n que se notificar\u00e1 al usuario y ya podr\u00e1 gozar del beneficio del reintegro de IVA.<\/li>\n<\/ul>\n\n\n\n<p><strong>Fuente: www.diariouno.com.ar<\/strong><\/p>\n","protected":false},"excerpt":{"rendered":"<p>Pese a que la\u00a0devoluci\u00f3n del IVA\u00a0que anunci\u00f3 el ministro de Econom\u00eda, Sergio Massa, en principio no implicaba gesti\u00f3n adicional alguna, existen ciertos procesos a tener en cuenta a la hora de realizar el pago. Devoluci\u00f3n de IVA, \u00bfc\u00f3mo saber si me corresponde el beneficio? La medida anunciada por el Gobierno tiene algunos requisitos b\u00e1sicos. En [&hellip;]<\/p>\n","protected":false},"author":2,"featured_media":1705,"comment_status":"open","ping_status":"open","sticky":false,"template":"","format":"standard","meta":[],"categories":[49],"tags":[],"_links":{"self":[{"href":"https:\/\/pasaenmendoza.com\/index.php?rest_route=\/wp\/v2\/posts\/1704"}],"collection":[{"href":"https:\/\/pasaenmendoza.com\/index.php?rest_route=\/wp\/v2\/posts"}],"about":[{"href":"https:\/\/pasaenmendoza.com\/index.php?rest_route=\/wp\/v2\/types\/post"}],"author":[{"embeddable":true,"href":"https:\/\/pasaenmendoza.com\/index.php?rest_route=\/wp\/v2\/users\/2"}],"replies":[{"embeddable":true,"href":"https:\/\/pasaenmendoza.com\/index.php?rest_route=%2Fwp%2Fv2%2Fcomments&post=1704"}],"version-history":[{"count":1,"href":"https:\/\/pasaenmendoza.com\/index.php?rest_route=\/wp\/v2\/posts\/1704\/revisions"}],"predecessor-version":[{"id":1706,"href":"https:\/\/pasaenmendoza.com\/index.php?rest_route=\/wp\/v2\/posts\/1704\/revisions\/1706"}],"wp:featuredmedia":[{"embeddable":true,"href":"https:\/\/pasaenmendoza.com\/index.php?rest_route=\/wp\/v2\/media\/1705"}],"wp:attachment":[{"href":"https:\/\/pasaenmendoza.com\/index.php?rest_route=%2Fwp%2Fv2%2Fmedia&parent=1704"}],"wp:term":[{"taxonomy":"category","embeddable":true,"href":"https:\/\/pasaenmendoza.com\/index.php?rest_route=%2Fwp%2Fv2%2Fcategories&post=1704"},{"taxonomy":"post_tag","embeddable":true,"href":"https:\/\/pasaenmendoza.com\/index.php?rest_route=%2Fwp%2Fv2%2Ftags&post=1704"}],"curies":[{"name":"wp","href":"https:\/\/api.w.org\/{rel}","templated":true}]}}