{"id":1708,"date":"2023-09-25T15:46:56","date_gmt":"2023-09-25T13:46:56","guid":{"rendered":"https:\/\/pasaenmendoza.com\/?p=1708"},"modified":"2023-09-25T15:46:57","modified_gmt":"2023-09-25T13:46:57","slug":"las-clases-seran-normales-en-todas-las-escuelas-de-la-provincia","status":"publish","type":"post","link":"https:\/\/pasaenmendoza.com\/?p=1708","title":{"rendered":"Las clases ser\u00e1n normales en todas las escuelas de la provincia"},"content":{"rendered":"\n<p>La direcci\u00f3n General de Escuelas de Mendoza (<strong>DGE<\/strong>) dijo que<strong>\u00a0las clases se dictar\u00e1n con total normalidad este lunes tras las\u00a0elecciones generales\u00a0que se han desarrollado este domingo\u00a0<\/strong>en toda la provincia.<\/p>\n\n\n\n<p>Desde 2017 en Mendoza no se pierden d\u00edas de clases luego de una jornada de elecciones explicaron desde la DGE. &#8220;La Provincia lleva adelante una pol\u00edtica de gesti\u00f3n para asegurar el cumplimiento efectivo del calendario escolar&#8221;.<\/p>\n\n\n\n<p>Una vez contabilizado los votos comienza un operativo de limpieza el mismo d\u00eda en que se desarrollaron los comicios, con el fin de que los alumnos puedan asistir a los establecimientos educativos.<\/p>\n\n\n\n<p>Los celadores que participan en el operativo de limpieza recibir\u00e1n un pago adicional, por el d\u00eda trabajado y por las tareas realizadas.<\/p>\n\n\n\n<p><strong>Fuente: www.diariouno.com.ar<\/strong><\/p>\n","protected":false},"excerpt":{"rendered":"<p>La direcci\u00f3n General de Escuelas de Mendoza (DGE) dijo que\u00a0las clases se dictar\u00e1n con total normalidad este lunes tras las\u00a0elecciones generales\u00a0que se han desarrollado este domingo\u00a0en toda la provincia. Desde 2017 en Mendoza no se pierden d\u00edas de clases luego de una jornada de elecciones explicaron desde la DGE. &#8220;La Provincia lleva adelante una pol\u00edtica [&hellip;]<\/p>\n","protected":false},"author":2,"featured_media":1709,"comment_status":"open","ping_status":"open","sticky":false,"template":"","format":"standard","meta":[],"categories":[56],"tags":[],"_links":{"self":[{"href":"https:\/\/pasaenmendoza.com\/index.php?rest_route=\/wp\/v2\/posts\/1708"}],"collection":[{"href":"https:\/\/pasaenmendoza.com\/index.php?rest_route=\/wp\/v2\/posts"}],"about":[{"href":"https:\/\/pasaenmendoza.com\/index.php?rest_route=\/wp\/v2\/types\/post"}],"author":[{"embeddable":true,"href":"https:\/\/pasaenmendoza.com\/index.php?rest_route=\/wp\/v2\/users\/2"}],"replies":[{"embeddable":true,"href":"https:\/\/pasaenmendoza.com\/index.php?rest_route=%2Fwp%2Fv2%2Fcomments&post=1708"}],"version-history":[{"count":1,"href":"https:\/\/pasaenmendoza.com\/index.php?rest_route=\/wp\/v2\/posts\/1708\/revisions"}],"predecessor-version":[{"id":1710,"href":"https:\/\/pasaenmendoza.com\/index.php?rest_route=\/wp\/v2\/posts\/1708\/revisions\/1710"}],"wp:featuredmedia":[{"embeddable":true,"href":"https:\/\/pasaenmendoza.com\/index.php?rest_route=\/wp\/v2\/media\/1709"}],"wp:attachment":[{"href":"https:\/\/pasaenmendoza.com\/index.php?rest_route=%2Fwp%2Fv2%2Fmedia&parent=1708"}],"wp:term":[{"taxonomy":"category","embeddable":true,"href":"https:\/\/pasaenmendoza.com\/index.php?rest_route=%2Fwp%2Fv2%2Fcategories&post=1708"},{"taxonomy":"post_tag","embeddable":true,"href":"https:\/\/pasaenmendoza.com\/index.php?rest_route=%2Fwp%2Fv2%2Ftags&post=1708"}],"curies":[{"name":"wp","href":"https:\/\/api.w.org\/{rel}","templated":true}]}}