{"id":1711,"date":"2023-09-25T15:57:11","date_gmt":"2023-09-25T13:57:11","guid":{"rendered":"https:\/\/pasaenmendoza.com\/?p=1711"},"modified":"2023-09-25T15:57:12","modified_gmt":"2023-09-25T13:57:12","slug":"los-mejores-memes-que-dejaron-las-elecciones-2023-en-mendoza","status":"publish","type":"post","link":"https:\/\/pasaenmendoza.com\/?p=1711","title":{"rendered":"Los mejores memes que dejaron las elecciones 2023 en Mendoza"},"content":{"rendered":"\n<p><strong>Alfredo Cornejo<\/strong>\u00a0fue elegido nuevo gobernador en las\u00a0<strong>elecciones 2023 en Mendoza<\/strong>, pero los comicios no solamente dejan ganadores y perdedores sino tambi\u00e9n\u00a0<strong>memes<\/strong>.<\/p>\n\n\n\n<figure class=\"wp-block-image size-large\"><img decoding=\"async\" loading=\"lazy\" width=\"1024\" height=\"580\" src=\"https:\/\/pasaenmendoza.com\/wp-content\/uploads\/2023\/09\/meme1-1024x580.webp\" alt=\"\" class=\"wp-image-1712\" srcset=\"https:\/\/pasaenmendoza.com\/wp-content\/uploads\/2023\/09\/meme1-1024x580.webp 1024w, https:\/\/pasaenmendoza.com\/wp-content\/uploads\/2023\/09\/meme1-300x170.webp 300w, https:\/\/pasaenmendoza.com\/wp-content\/uploads\/2023\/09\/meme1-768x435.webp 768w, https:\/\/pasaenmendoza.com\/wp-content\/uploads\/2023\/09\/meme1-150x85.webp 150w, https:\/\/pasaenmendoza.com\/wp-content\/uploads\/2023\/09\/meme1-696x394.webp 696w, https:\/\/pasaenmendoza.com\/wp-content\/uploads\/2023\/09\/meme1-1068x605.webp 1068w, https:\/\/pasaenmendoza.com\/wp-content\/uploads\/2023\/09\/meme1.webp 1200w\" sizes=\"(max-width: 1024px) 100vw, 1024px\" \/><\/figure>\n\n\n\n<p>Los&nbsp;<strong>memes de las elecciones 2023 en Mendoza&nbsp;<\/strong>no se dejaron esperar y minutos despu\u00e9s de que se oficializaran los primeros resultados comenzaron a aparecer en las redes sociales.<\/p>\n\n\n\n<p>No es para menos. Las\u00a0<strong>elecciones 2023 en Mendoza<\/strong>\u00a0representaron el final de una campa\u00f1a electoral muy larga para algunos candidatos, pero tambi\u00e9n para sus militantes, pero no fueron los \u00fanicos. Los independientes tambi\u00e9n se vieron agotados por una campa\u00f1a electoral que parec\u00eda no tener final. Es por ello que, para muchos, los memes representan un escape y una forma perfecta de hablar de los resultados con un poco de humor.<\/p>\n\n\n\n<figure class=\"wp-block-image size-large\"><img decoding=\"async\" loading=\"lazy\" width=\"1024\" height=\"655\" src=\"https:\/\/pasaenmendoza.com\/wp-content\/uploads\/2023\/09\/meme2-1024x655.webp\" alt=\"\" class=\"wp-image-1713\" srcset=\"https:\/\/pasaenmendoza.com\/wp-content\/uploads\/2023\/09\/meme2-1024x655.webp 1024w, https:\/\/pasaenmendoza.com\/wp-content\/uploads\/2023\/09\/meme2-300x192.webp 300w, https:\/\/pasaenmendoza.com\/wp-content\/uploads\/2023\/09\/meme2-768x491.webp 768w, https:\/\/pasaenmendoza.com\/wp-content\/uploads\/2023\/09\/meme2-150x96.webp 150w, https:\/\/pasaenmendoza.com\/wp-content\/uploads\/2023\/09\/meme2-696x445.webp 696w, https:\/\/pasaenmendoza.com\/wp-content\/uploads\/2023\/09\/meme2-1068x683.webp 1068w, https:\/\/pasaenmendoza.com\/wp-content\/uploads\/2023\/09\/meme2.webp 1200w\" sizes=\"(max-width: 1024px) 100vw, 1024px\" \/><\/figure>\n\n\n\n<p>Qu\u00e9 es un meme<\/p>\n\n\n\n<p>Para aquellos que no lo saben o no est\u00e1n familiarizados, los&nbsp;<strong>memes&nbsp;<\/strong>pueden ser textos, im\u00e1genes, videos y otros elementos que se difunden por internet y r\u00e1pidamente se viralizan. Generalmente se hace con fines humor\u00edsticos, pero no siempre tienen ese objetivo.<\/p>\n\n\n\n<p>Es muy com\u00fan que, en las redes sociales donde abunda el humor negro, se utilicen\u00a0<strong>memes\u00a0<\/strong>para hablar o referirse a ciertos eventos deportivos, sociales, de far\u00e1ndula o, en este caso, pol\u00edticos, como han sido las elecciones 2023 en Mendoza. Algunos son para celebrar, otros para descargar la molestia de que sus candidatos hayan perdido.<\/p>\n\n\n\n<figure class=\"wp-block-image size-large\"><img decoding=\"async\" loading=\"lazy\" width=\"1024\" height=\"806\" src=\"https:\/\/pasaenmendoza.com\/wp-content\/uploads\/2023\/09\/meme4-1024x806.webp\" alt=\"\" class=\"wp-image-1715\" srcset=\"https:\/\/pasaenmendoza.com\/wp-content\/uploads\/2023\/09\/meme4-1024x806.webp 1024w, https:\/\/pasaenmendoza.com\/wp-content\/uploads\/2023\/09\/meme4-300x236.webp 300w, https:\/\/pasaenmendoza.com\/wp-content\/uploads\/2023\/09\/meme4-768x604.webp 768w, https:\/\/pasaenmendoza.com\/wp-content\/uploads\/2023\/09\/meme4-150x118.webp 150w, https:\/\/pasaenmendoza.com\/wp-content\/uploads\/2023\/09\/meme4-696x548.webp 696w, https:\/\/pasaenmendoza.com\/wp-content\/uploads\/2023\/09\/meme4-1068x840.webp 1068w, https:\/\/pasaenmendoza.com\/wp-content\/uploads\/2023\/09\/meme4.webp 1200w\" sizes=\"(max-width: 1024px) 100vw, 1024px\" \/><\/figure>\n\n\n\n<p><strong>Fuente: www.diariouno.com.ar<\/strong><\/p>\n","protected":false},"excerpt":{"rendered":"<p>Alfredo Cornejo\u00a0fue elegido nuevo gobernador en las\u00a0elecciones 2023 en Mendoza, pero los comicios no solamente dejan ganadores y perdedores sino tambi\u00e9n\u00a0memes. Los&nbsp;memes de las elecciones 2023 en Mendoza&nbsp;no se dejaron esperar y minutos despu\u00e9s de que se oficializaran los primeros resultados comenzaron a aparecer en las redes sociales. No es para menos. Las\u00a0elecciones 2023 en [&hellip;]<\/p>\n","protected":false},"author":2,"featured_media":1716,"comment_status":"open","ping_status":"open","sticky":false,"template":"","format":"standard","meta":[],"categories":[67],"tags":[],"_links":{"self":[{"href":"https:\/\/pasaenmendoza.com\/index.php?rest_route=\/wp\/v2\/posts\/1711"}],"collection":[{"href":"https:\/\/pasaenmendoza.com\/index.php?rest_route=\/wp\/v2\/posts"}],"about":[{"href":"https:\/\/pasaenmendoza.com\/index.php?rest_route=\/wp\/v2\/types\/post"}],"author":[{"embeddable":true,"href":"https:\/\/pasaenmendoza.com\/index.php?rest_route=\/wp\/v2\/users\/2"}],"replies":[{"embeddable":true,"href":"https:\/\/pasaenmendoza.com\/index.php?rest_route=%2Fwp%2Fv2%2Fcomments&post=1711"}],"version-history":[{"count":1,"href":"https:\/\/pasaenmendoza.com\/index.php?rest_route=\/wp\/v2\/posts\/1711\/revisions"}],"predecessor-version":[{"id":1717,"href":"https:\/\/pasaenmendoza.com\/index.php?rest_route=\/wp\/v2\/posts\/1711\/revisions\/1717"}],"wp:featuredmedia":[{"embeddable":true,"href":"https:\/\/pasaenmendoza.com\/index.php?rest_route=\/wp\/v2\/media\/1716"}],"wp:attachment":[{"href":"https:\/\/pasaenmendoza.com\/index.php?rest_route=%2Fwp%2Fv2%2Fmedia&parent=1711"}],"wp:term":[{"taxonomy":"category","embeddable":true,"href":"https:\/\/pasaenmendoza.com\/index.php?rest_route=%2Fwp%2Fv2%2Fcategories&post=1711"},{"taxonomy":"post_tag","embeddable":true,"href":"https:\/\/pasaenmendoza.com\/index.php?rest_route=%2Fwp%2Fv2%2Ftags&post=1711"}],"curies":[{"name":"wp","href":"https:\/\/api.w.org\/{rel}","templated":true}]}}