{"id":1723,"date":"2023-09-26T13:57:13","date_gmt":"2023-09-26T11:57:13","guid":{"rendered":"https:\/\/pasaenmendoza.com\/?p=1723"},"modified":"2023-09-26T14:16:28","modified_gmt":"2023-09-26T12:16:28","slug":"cornejo-cuestiono-a-gerardo-morales-por-la-foto-con-sergio-massa","status":"publish","type":"post","link":"https:\/\/pasaenmendoza.com\/?p=1723","title":{"rendered":"Cornejo cuestion\u00f3 a Gerardo Morales por la foto con Sergio Massa"},"content":{"rendered":"\n<p><strong>El gobernador electo de Mendoza,&nbsp;Alfredo Cornejo<\/strong>, durante&nbsp;<strong>entrevista&nbsp;<\/strong>&nbsp;con el canal&nbsp;<strong><em>LN+&nbsp;<\/em><\/strong>abord\u00f3 diversos temas de inter\u00e9s pol\u00edtico. El actual senador nacional expres\u00f3 su&nbsp;<strong>preocupaci\u00f3n&nbsp;<\/strong>por la estrategia del&nbsp;<strong>oficialismo de intentar mostrarse junto al radicalismo de Juntos por el Cambio<\/strong>, haciendo referencia a la&nbsp;<strong>foto<\/strong>&nbsp;del candidato a presidente de Uni\u00f3n por la Patria,&nbsp;Sergio Massa, junto a&nbsp;Gerardo Morales, gobernador de Jujuy.&nbsp;<strong>Cornejo<\/strong>&nbsp;advirti\u00f3 sobre&nbsp;<strong>no prestarse a este juego<\/strong>&nbsp;pol\u00edtico y enfatiz\u00f3 en la importancia de mantener la coalici\u00f3n firme.<\/p>\n\n\n\n<p>En relaci\u00f3n a las&nbsp;elecciones presidenciales, Cornejo critic\u00f3 el&nbsp;<strong>uso pol\u00edtico<\/strong>&nbsp;que el ministro de Econom\u00eda hizo de los<strong>&nbsp;gobernadores del norte durante un acto en Salta<\/strong>. Se\u00f1al\u00f3 que comprend\u00eda el inter\u00e9s de&nbsp;<strong>Sergio Massa en utilizar esas fotos<\/strong>, pero reiter\u00f3 la importancia de mantener la unidad de Juntos por el Cambio. Destac\u00f3 que los cinco gobernadores radicales deben consolidar la coalici\u00f3n y no dejarse seducir por los espacios del norte utilizados por el gobierno en m\u00e1s de una ocasi\u00f3n.<\/p>\n\n\n\n<p>Pasando a otro tema, Cornejo manifest\u00f3 su&nbsp;<strong>preocupaci\u00f3n<\/strong>&nbsp;por un eventual&nbsp;<strong>gobierno<\/strong>&nbsp;encabezado por&nbsp;Javier Milei, candidato de La Libertad Avanza. Aunque no lo mencion\u00f3 directamente, advirti\u00f3 sobre la falta de poder pol\u00edtico y el riesgo de que un cambio de modelo econ\u00f3mico conducido por alguien sin la suficiente experiencia pueda llevar a una crisis de gobernabilidad en el pa\u00eds.<\/p>\n\n\n\n<p>Cornejo tambi\u00e9n abord\u00f3 la<strong>&nbsp;rivalidad entre Massa y Milei<\/strong>, y c\u00f3mo ambos podr\u00edan beneficiarse de que la competencia se centre en ellos dos, dejando en un tercer lugar a Patricia Bullrich, candidata de Juntos por el Cambio. Se\u00f1al\u00f3 que las encuestas pueden ser enga\u00f1osas y que los votos en las elecciones son de los votantes, por lo que nada est\u00e1 asegurado. Destac\u00f3 que&nbsp;Bullrich&nbsp;tiene mayores posibilidades de llevar adelante un cambio de modelo econ\u00f3mico debido al respaldo de los gobernadores y la seguridad de mantenerse en el tiempo.<\/p>\n\n\n\n<p>En cuanto a las elecciones en Mendoza, Cornejo explic\u00f3 los factores que llevaron al peronismo a obtener el tercer lugar, a pesar de su hist\u00f3rica tracci\u00f3n en el distrito. Apunt\u00f3 a la mala gesti\u00f3n del gobierno de&nbsp;Alberto Fern\u00e1ndez&nbsp;y&nbsp;Cristina Fern\u00e1ndez de Kirchner&nbsp;como un factor determinante en el desempe\u00f1o electoral del peronismo. Adem\u00e1s, mencion\u00f3 que La Uni\u00f3n Mendocina incorpor\u00f3 a muchos kirchneristas en su lista, lo que provoc\u00f3 una dispersi\u00f3n del voto. Sin embargo, resalt\u00f3 que lo fundamental fue la decepci\u00f3n de la coalici\u00f3n oficialista, que intent\u00f3 despegarse del gobierno nacional debido a su mala gesti\u00f3n<\/p>\n\n\n\n<p>El triunfo en Mendoza<\/p>\n\n\n\n<p>En las elecciones provinciales de Mendoza, el candidato de Cambia Mendoza, Alfredo Cornejo, obtuvo el 39,5% de los votos, asegur\u00e1ndose as\u00ed la gobernaci\u00f3n. Omar de Marchi, de La Uni\u00f3n Mendocina, qued\u00f3 en segundo lugar con el 29,67% de los votos. Con esta victoria, la Uni\u00f3n C\u00edvica Radical (UCR) garantiz\u00f3 su hegemon\u00eda en la provincia cuyana por 12 a\u00f1os, un logro que solo el peronismo hab\u00eda conseguido entre 1991 y 2003.<\/p>\n\n\n\n<p>Con esta entrevista y los resultados electorales en Mendoza, Alfredo Cornejo se consolida como una figura pol\u00edtica destacada en la provincia y dentro de Juntos por el Cambio, reafirmando la importancia de la unidad y la consolidaci\u00f3n de la coalici\u00f3n como camino para el futuro pol\u00edtico del pa\u00eds.<\/p>\n\n\n\n<p>FUENTE: mendozapost.<\/p>\n\n\n\n<p><\/p>\n","protected":false},"excerpt":{"rendered":"<p>El gobernador electo de Mendoza,&nbsp;Alfredo Cornejo, durante&nbsp;entrevista&nbsp;&nbsp;con el canal&nbsp;LN+&nbsp;abord\u00f3 diversos temas de inter\u00e9s pol\u00edtico. El actual senador nacional expres\u00f3 su&nbsp;preocupaci\u00f3n&nbsp;por la estrategia del&nbsp;oficialismo de intentar mostrarse junto al radicalismo de Juntos por el Cambio, haciendo referencia a la&nbsp;foto&nbsp;del candidato a presidente de Uni\u00f3n por la Patria,&nbsp;Sergio Massa, junto a&nbsp;Gerardo Morales, gobernador de Jujuy.&nbsp;Cornejo&nbsp;advirti\u00f3 sobre&nbsp;no prestarse [&hellip;]<\/p>\n","protected":false},"author":2,"featured_media":1728,"comment_status":"open","ping_status":"open","sticky":true,"template":"","format":"standard","meta":[],"categories":[47],"tags":[],"_links":{"self":[{"href":"https:\/\/pasaenmendoza.com\/index.php?rest_route=\/wp\/v2\/posts\/1723"}],"collection":[{"href":"https:\/\/pasaenmendoza.com\/index.php?rest_route=\/wp\/v2\/posts"}],"about":[{"href":"https:\/\/pasaenmendoza.com\/index.php?rest_route=\/wp\/v2\/types\/post"}],"author":[{"embeddable":true,"href":"https:\/\/pasaenmendoza.com\/index.php?rest_route=\/wp\/v2\/users\/2"}],"replies":[{"embeddable":true,"href":"https:\/\/pasaenmendoza.com\/index.php?rest_route=%2Fwp%2Fv2%2Fcomments&post=1723"}],"version-history":[{"count":2,"href":"https:\/\/pasaenmendoza.com\/index.php?rest_route=\/wp\/v2\/posts\/1723\/revisions"}],"predecessor-version":[{"id":1743,"href":"https:\/\/pasaenmendoza.com\/index.php?rest_route=\/wp\/v2\/posts\/1723\/revisions\/1743"}],"wp:featuredmedia":[{"embeddable":true,"href":"https:\/\/pasaenmendoza.com\/index.php?rest_route=\/wp\/v2\/media\/1728"}],"wp:attachment":[{"href":"https:\/\/pasaenmendoza.com\/index.php?rest_route=%2Fwp%2Fv2%2Fmedia&parent=1723"}],"wp:term":[{"taxonomy":"category","embeddable":true,"href":"https:\/\/pasaenmendoza.com\/index.php?rest_route=%2Fwp%2Fv2%2Fcategories&post=1723"},{"taxonomy":"post_tag","embeddable":true,"href":"https:\/\/pasaenmendoza.com\/index.php?rest_route=%2Fwp%2Fv2%2Ftags&post=1723"}],"curies":[{"name":"wp","href":"https:\/\/api.w.org\/{rel}","templated":true}]}}