{"id":1724,"date":"2023-09-26T13:54:09","date_gmt":"2023-09-26T11:54:09","guid":{"rendered":"https:\/\/pasaenmendoza.com\/?p=1724"},"modified":"2023-09-26T13:54:10","modified_gmt":"2023-09-26T11:54:10","slug":"pronostico-para-mendoza-martes-con-lluvia-y-luego-ascenso-de-la-temperatura","status":"publish","type":"post","link":"https:\/\/pasaenmendoza.com\/?p=1724","title":{"rendered":"Pron\u00f3stico para Mendoza: martes con lluvia y luego ascenso de la temperatura"},"content":{"rendered":"\n<p><strong>El tiempo en Mendoza\u00a0<\/strong>en los \u00faltimos d\u00edas estuvo variable, y continuar\u00e1 as\u00ed en los pr\u00f3ximos d\u00edas, seg\u00fan la\u00a0<em>Direcci\u00f3n de Contingencias Clim\u00e1ticas<\/em>. Para este\u00a0<strong>martes<\/strong>, se esperan lluvias de madrugada y ascenso de la temperatura durante el d\u00eda.<\/p>\n\n\n\n<p>En ese sentido, este<strong>\u00a026 de septiembre<\/strong>\u00a0est\u00e1 pronosticado un d\u00eda parcialmente nublado con poco cambio de temperatura en\u00a0<strong>Mendoza.<\/strong>\u00a0Durante la\u00a0<strong>madrugada<\/strong>, es probable que se presenten\u00a0<strong>tormentas aisladas<\/strong>, pero se espera una mejor\u00eda a partir de la tarde. La temperatura\u00a0<strong>m\u00e1xima<\/strong>\u00a0alcanzar\u00e1 lo<strong>s 19 grados<\/strong>, mientras que la<strong>\u00a0m\u00ednima ser\u00e1 de 7<\/strong>.<\/p>\n\n\n\n<p>Para este<strong>\u00a0mi\u00e9rcoles 27<\/strong>, se espera poca nubosidad y un\u00a0<strong>ascenso en la temperatura.<\/strong>\u00a0Los vientos ser\u00e1n moderados y provendr\u00e1n del noreste. Durante la noche, podr\u00edan registrarse heladas parciales. La\u00a0<strong>m\u00e1xima<\/strong>\u00a0prevista ser\u00e1 de\u00a0<strong>23 grados<\/strong>, mientras que la\u00a0<strong>m\u00ednima<\/strong>\u00a0descender\u00e1 a<strong>\u00a06<\/strong>.<\/p>\n\n\n\n<p>El\u00a0<strong>jueves 28<\/strong>\u00a0estar\u00e1 algo nublado en Mendoza con un\u00a0<strong>descenso en la temperatura<\/strong>. Los vientos ser\u00e1n moderados y soplar\u00e1n desde el sudeste. La\u00a0<strong>m\u00e1xima<\/strong>\u00a0se ubicar\u00e1 en\u00a0<strong>21 grados;<\/strong>\u00a0la\u00a0<strong>m\u00ednima<\/strong>\u00a0<strong>en 8<\/strong>.<\/p>\n\n\n\n<p>Para el\u00a0<strong>viernes 29<\/strong>, se espera un d\u00eda algo nublado con un<strong>\u00a0descenso adicional en la temperatura<\/strong>. Los vientos seguir\u00e1n siendo moderados y soplar\u00e1n desde el sudeste. La\u00a0<strong>m\u00e1xima<\/strong>\u00a0alcanzar\u00e1 los\u00a0<strong>16 grados<\/strong>, y la\u00a0<strong>m\u00ednima<\/strong>\u00a0se mantendr\u00e1 en\u00a0<strong>8<\/strong>.<\/p>\n\n\n\n<p>El\u00a0<strong>s\u00e1bado 30\u00a0<\/strong>estar\u00e1 algo nublado con un\u00a0<strong>ascenso en la temperatura<\/strong>. Los vientos ser\u00e1n moderados y soplar\u00e1n desde el noreste. Durante la noche, es posible que se registren heladas parciales. La\u00a0<strong>m\u00e1xima<\/strong>\u00a0prevista ser\u00e1 de\u00a0<strong>24 grados<\/strong>, mientras que la<strong>\u00a0m\u00ednima descender\u00e1 a 5<\/strong>.<\/p>\n\n\n\n<p><strong>Fuente: www.mendozapost.com<\/strong><\/p>\n","protected":false},"excerpt":{"rendered":"<p>El tiempo en Mendoza\u00a0en los \u00faltimos d\u00edas estuvo variable, y continuar\u00e1 as\u00ed en los pr\u00f3ximos d\u00edas, seg\u00fan la\u00a0Direcci\u00f3n de Contingencias Clim\u00e1ticas. Para este\u00a0martes, se esperan lluvias de madrugada y ascenso de la temperatura durante el d\u00eda. En ese sentido, este\u00a026 de septiembre\u00a0est\u00e1 pronosticado un d\u00eda parcialmente nublado con poco cambio de temperatura en\u00a0Mendoza.\u00a0Durante la\u00a0madrugada, es [&hellip;]<\/p>\n","protected":false},"author":2,"featured_media":1725,"comment_status":"open","ping_status":"open","sticky":false,"template":"","format":"standard","meta":[],"categories":[52],"tags":[],"_links":{"self":[{"href":"https:\/\/pasaenmendoza.com\/index.php?rest_route=\/wp\/v2\/posts\/1724"}],"collection":[{"href":"https:\/\/pasaenmendoza.com\/index.php?rest_route=\/wp\/v2\/posts"}],"about":[{"href":"https:\/\/pasaenmendoza.com\/index.php?rest_route=\/wp\/v2\/types\/post"}],"author":[{"embeddable":true,"href":"https:\/\/pasaenmendoza.com\/index.php?rest_route=\/wp\/v2\/users\/2"}],"replies":[{"embeddable":true,"href":"https:\/\/pasaenmendoza.com\/index.php?rest_route=%2Fwp%2Fv2%2Fcomments&post=1724"}],"version-history":[{"count":1,"href":"https:\/\/pasaenmendoza.com\/index.php?rest_route=\/wp\/v2\/posts\/1724\/revisions"}],"predecessor-version":[{"id":1726,"href":"https:\/\/pasaenmendoza.com\/index.php?rest_route=\/wp\/v2\/posts\/1724\/revisions\/1726"}],"wp:featuredmedia":[{"embeddable":true,"href":"https:\/\/pasaenmendoza.com\/index.php?rest_route=\/wp\/v2\/media\/1725"}],"wp:attachment":[{"href":"https:\/\/pasaenmendoza.com\/index.php?rest_route=%2Fwp%2Fv2%2Fmedia&parent=1724"}],"wp:term":[{"taxonomy":"category","embeddable":true,"href":"https:\/\/pasaenmendoza.com\/index.php?rest_route=%2Fwp%2Fv2%2Fcategories&post=1724"},{"taxonomy":"post_tag","embeddable":true,"href":"https:\/\/pasaenmendoza.com\/index.php?rest_route=%2Fwp%2Fv2%2Ftags&post=1724"}],"curies":[{"name":"wp","href":"https:\/\/api.w.org\/{rel}","templated":true}]}}