{"id":1727,"date":"2023-09-26T14:00:23","date_gmt":"2023-09-26T12:00:23","guid":{"rendered":"https:\/\/pasaenmendoza.com\/?p=1727"},"modified":"2023-09-26T14:00:24","modified_gmt":"2023-09-26T12:00:24","slug":"una-mujer-esta-internada-grave-tras-un-accidente-en-potrerillos","status":"publish","type":"post","link":"https:\/\/pasaenmendoza.com\/?p=1727","title":{"rendered":"Una mujer est\u00e1 internada grave tras un accidente en Potrerillos"},"content":{"rendered":"\n<p>En un accidente ocurrido en\u00a0<strong>Potrerillos<\/strong>\u00a0y una mujer, quien viajaba como acompa\u00f1ante, result\u00f3 gravemente herida y est\u00e1 internada en observaci\u00f3n en el Hospital Central de la\u00a0Ciudad de Mendoza.<\/p>\n\n\n\n<p>Pasada la medianoche de esta martes, un Renault Symbol dominio LFB-179, conducido por una mujer de 29 a\u00f1os, quien era acompa\u00f1ada por\u00a0<strong>Marta Monta\u00f1o<\/strong>, con domicilio en la zona. La conductora realiz\u00f3 una maniobra marcha atr\u00e1s en la intersecci\u00f3n de calle\u00a0<strong>Los Negritos y la Ruta Provincial 8<\/strong>9, en la zona de Las Vegas, en el paraje de monta\u00f1a.<\/p>\n\n\n\n<p>En ese momento fueron impactadas en la parte trasera del auto por un Peugeot 306 dominio CFP-527 que transitaba por la ruta en direcci\u00f3n de Sur a Norte.<\/p>\n\n\n\n<p>Por el fuerte choque qued\u00f3 atrapada en el interior del Renault Monta\u00f1o, la mujer que viajaba como acompa\u00f1ante. Personal de la Polic\u00eda de Mendoza logr\u00f3 sacarla del rodado y fue asistida por los profesionales de la salud.<\/p>\n\n\n\n<p>Luego fue trasladada en ambulancia hasta el Hospital Central con diagnostico reservado incosciente y con un fuerte golpe en su cabeza.<\/p>\n\n\n\n<p>Personal de Cient\u00edfica realiz\u00f3 la investigaci\u00f3n para determinar las causa del siniestro vial. Interviene la Oficina Fiscal N\u00famero 11 de\u00a0Luj\u00e1n de Cuyo.\u00a0<\/p>\n\n\n\n<p><strong>Fuente: www.mendozapost.com<\/strong><\/p>\n","protected":false},"excerpt":{"rendered":"<p>En un accidente ocurrido en\u00a0Potrerillos\u00a0y una mujer, quien viajaba como acompa\u00f1ante, result\u00f3 gravemente herida y est\u00e1 internada en observaci\u00f3n en el Hospital Central de la\u00a0Ciudad de Mendoza. Pasada la medianoche de esta martes, un Renault Symbol dominio LFB-179, conducido por una mujer de 29 a\u00f1os, quien era acompa\u00f1ada por\u00a0Marta Monta\u00f1o, con domicilio en la zona. [&hellip;]<\/p>\n","protected":false},"author":2,"featured_media":1731,"comment_status":"open","ping_status":"open","sticky":false,"template":"","format":"standard","meta":[],"categories":[48],"tags":[],"_links":{"self":[{"href":"https:\/\/pasaenmendoza.com\/index.php?rest_route=\/wp\/v2\/posts\/1727"}],"collection":[{"href":"https:\/\/pasaenmendoza.com\/index.php?rest_route=\/wp\/v2\/posts"}],"about":[{"href":"https:\/\/pasaenmendoza.com\/index.php?rest_route=\/wp\/v2\/types\/post"}],"author":[{"embeddable":true,"href":"https:\/\/pasaenmendoza.com\/index.php?rest_route=\/wp\/v2\/users\/2"}],"replies":[{"embeddable":true,"href":"https:\/\/pasaenmendoza.com\/index.php?rest_route=%2Fwp%2Fv2%2Fcomments&post=1727"}],"version-history":[{"count":1,"href":"https:\/\/pasaenmendoza.com\/index.php?rest_route=\/wp\/v2\/posts\/1727\/revisions"}],"predecessor-version":[{"id":1732,"href":"https:\/\/pasaenmendoza.com\/index.php?rest_route=\/wp\/v2\/posts\/1727\/revisions\/1732"}],"wp:featuredmedia":[{"embeddable":true,"href":"https:\/\/pasaenmendoza.com\/index.php?rest_route=\/wp\/v2\/media\/1731"}],"wp:attachment":[{"href":"https:\/\/pasaenmendoza.com\/index.php?rest_route=%2Fwp%2Fv2%2Fmedia&parent=1727"}],"wp:term":[{"taxonomy":"category","embeddable":true,"href":"https:\/\/pasaenmendoza.com\/index.php?rest_route=%2Fwp%2Fv2%2Fcategories&post=1727"},{"taxonomy":"post_tag","embeddable":true,"href":"https:\/\/pasaenmendoza.com\/index.php?rest_route=%2Fwp%2Fv2%2Ftags&post=1727"}],"curies":[{"name":"wp","href":"https:\/\/api.w.org\/{rel}","templated":true}]}}