{"id":1730,"date":"2023-09-26T14:03:27","date_gmt":"2023-09-26T12:03:27","guid":{"rendered":"https:\/\/pasaenmendoza.com\/?p=1730"},"modified":"2023-09-26T14:03:29","modified_gmt":"2023-09-26T12:03:29","slug":"el-analisis-de-las-elecciones-en-mendoza-y-por-que-alfredo-cornejo-puede-hacer-historia","status":"publish","type":"post","link":"https:\/\/pasaenmendoza.com\/?p=1730","title":{"rendered":"El an\u00e1lisis de las elecciones en Mendoza y por qu\u00e9 Alfredo Cornejo puede &#8220;hacer historia&#8221;"},"content":{"rendered":"\n<p>Martha Reale, directora de la consultora Reale Dalla Torre, hizo un an\u00e1lisis de lo que dejaron las elecciones generales del domingo: el triunfo de Cornejo, lo que viene para De Marchi y el mal momento del peronismo.<\/p>\n\n\n\n<p>Las tendencias no fallaron en Mendoza y\u00a0<strong>Alfredo Cornejo<\/strong>, con el 39,50% de los votos, fue electo gobernador de la provincia para continuar con la gesti\u00f3n de\u00a0Cambia Mendoza, actualmente en manos de Rodolfo Suarez.<\/p>\n\n\n\n<p><\/p>\n\n\n\n<p>Martha Reale, directora de la consultora Reale Dalla Torre,: \u201cEn t\u00e9rminos generales fue una elecci\u00f3n sin sorpresa porque estaba previsto que\u00a0<strong>Cornejo\u00a0<\/strong>se impusiera, con lo cual en ese sentido estuvo dentro de los m\u00e1rgenes l\u00f3gicos de los contextos electorales\u201d.<\/p>\n\n\n\n<p>\u201cSe registr\u00f3 un hito en la provincia porque es el primer gobernador que logra el favor de los mendocinos para revalidar su gesti\u00f3n desde el retorno de la democracia\u201d, destac\u00f3\u00a0<strong>Reale\u00a0<\/strong>en\u00a0<em>Tardes de Frente<\/em>.<\/p>\n\n\n\n<p>\u201cSe desprenden distintas lecturas: en primer lugar, se ratifica lo que se sabe y es que las elecciones las ganan o las pierden los oficialismos. Cambia Mendoza lo que hizo fue consolidar un proyecto de poder que inaugur\u00f3\u00a0<strong>Alfredo Cornejo<\/strong>\u00a0y construy\u00f3 con mucha paciencia y mucho enfoque\u201d, se\u00f1al\u00f3.<\/p>\n\n\n\n<p>Y remarc\u00f3 que los ganadores \u201cson&nbsp;<strong>Alfredo Cornejo<\/strong>&nbsp;y Rodolfo Suarez, porque si no hubiese habido un grado de conformidad con la gesti\u00f3n de Suarez, a&nbsp;<strong>Alfredo Cornejo<\/strong>&nbsp;le hubiera sido imposible retornar al Gobierno\u201d.<\/p>\n\n\n\n<p>\u201cUn desaf\u00edo para&nbsp;<strong>Cornejo&nbsp;<\/strong>es que va a tener una estructura mucho m\u00e1s repartida de la Legislatura, con lo cu\u00e1l va a estar obligado a mayores consensos que Rodolfo Suarez\u201d, indic\u00f3 Reale respecto de los resultados m\u00e1s \u201crepartidos\u201d de las elecciones.<\/p>\n\n\n\n<p>Aunque destac\u00f3 que \u201cva a tener algunos beneficios, como una mayor cantidad de recursos. Va a ser un gobernador que, si ratifica sus dotes de buen gestor, quiz\u00e1s haga historia siendo uno de los gobernadores que mayor cantidad obra p\u00fablica realice en un per\u00edodo de cuatro a\u00f1os. Va a encontrar un gobierno provincial con super\u00e1vit y una cantidad de recursos de libre disponibilidad\u201d.<\/p>\n\n\n\n<p>\u201cEs bastante probable que&nbsp;<strong>Cornejo&nbsp;<\/strong>quede por ser uno de los gobernadores con mayor registro de obra p\u00fablica a lo largo de la historia, por lo menos de la historia reciente\u201d, insisti\u00f3.<\/p>\n\n\n\n<p>Sobre el segundo lugar\u00a0de Omar de Marchi,\u00a0<strong>Reale<\/strong>\u00a0sostuvo que \u201csi bien logr\u00f3 obtener un buen porcentaje &#8211; un 30% con un espacio que cre\u00f3 en cuatro meses &#8211; el desaf\u00edo enorme que tiene ahora es consolidar ese espacio\u201d.<\/p>\n\n\n\n<p>Y en cuanto al peronismo, se\u00f1al\u00f3 que \u201chay que ver qu\u00e9 pasa. Sabemos que hizo la peor elecci\u00f3n en su historia. Habr\u00e1 que ver si tienen capacidad de reconstruirse\u201d.<\/p>\n\n\n\n<p>FUENTE: mdzonline.<\/p>\n","protected":false},"excerpt":{"rendered":"<p>Martha Reale, directora de la consultora Reale Dalla Torre, hizo un an\u00e1lisis de lo que dejaron las elecciones generales del domingo: el triunfo de Cornejo, lo que viene para De Marchi y el mal momento del peronismo. Las tendencias no fallaron en Mendoza y\u00a0Alfredo Cornejo, con el 39,50% de los votos, fue electo gobernador de [&hellip;]<\/p>\n","protected":false},"author":2,"featured_media":1733,"comment_status":"open","ping_status":"open","sticky":true,"template":"","format":"standard","meta":[],"categories":[47],"tags":[],"_links":{"self":[{"href":"https:\/\/pasaenmendoza.com\/index.php?rest_route=\/wp\/v2\/posts\/1730"}],"collection":[{"href":"https:\/\/pasaenmendoza.com\/index.php?rest_route=\/wp\/v2\/posts"}],"about":[{"href":"https:\/\/pasaenmendoza.com\/index.php?rest_route=\/wp\/v2\/types\/post"}],"author":[{"embeddable":true,"href":"https:\/\/pasaenmendoza.com\/index.php?rest_route=\/wp\/v2\/users\/2"}],"replies":[{"embeddable":true,"href":"https:\/\/pasaenmendoza.com\/index.php?rest_route=%2Fwp%2Fv2%2Fcomments&post=1730"}],"version-history":[{"count":1,"href":"https:\/\/pasaenmendoza.com\/index.php?rest_route=\/wp\/v2\/posts\/1730\/revisions"}],"predecessor-version":[{"id":1734,"href":"https:\/\/pasaenmendoza.com\/index.php?rest_route=\/wp\/v2\/posts\/1730\/revisions\/1734"}],"wp:featuredmedia":[{"embeddable":true,"href":"https:\/\/pasaenmendoza.com\/index.php?rest_route=\/wp\/v2\/media\/1733"}],"wp:attachment":[{"href":"https:\/\/pasaenmendoza.com\/index.php?rest_route=%2Fwp%2Fv2%2Fmedia&parent=1730"}],"wp:term":[{"taxonomy":"category","embeddable":true,"href":"https:\/\/pasaenmendoza.com\/index.php?rest_route=%2Fwp%2Fv2%2Fcategories&post=1730"},{"taxonomy":"post_tag","embeddable":true,"href":"https:\/\/pasaenmendoza.com\/index.php?rest_route=%2Fwp%2Fv2%2Ftags&post=1730"}],"curies":[{"name":"wp","href":"https:\/\/api.w.org\/{rel}","templated":true}]}}