{"id":1735,"date":"2023-09-26T14:07:00","date_gmt":"2023-09-26T12:07:00","guid":{"rendered":"https:\/\/pasaenmendoza.com\/?p=1735"},"modified":"2023-09-26T14:07:01","modified_gmt":"2023-09-26T12:07:01","slug":"adelantaron-que-pediran-la-remocion-de-walter-bento-en-el-jury-y-el-juez-se-defendio","status":"publish","type":"post","link":"https:\/\/pasaenmendoza.com\/?p=1735","title":{"rendered":"Adelantaron que pedir\u00e1n la remoci\u00f3n de Walter Bento en el Jury y el juez se defendi\u00f3"},"content":{"rendered":"\n<p>El acusado asegur\u00f3 que est\u00e1 frente a \u201cpruebas falsas\u201d y este martes continuar\u00e1 su exposici\u00f3n y declarar\u00e1n testigos.<\/p>\n\n\n\n<p>Desde los primeros minutos de&nbsp;<strong>Jury de Enjuiciamiento<\/strong>&nbsp;contra el juez federal&nbsp;<strong>Walter Bento<\/strong>&nbsp;que se inici\u00f3 este lunes en Capital Federal, los acusadores, encabezados por el consejero&nbsp;<strong>Miguel Piedecasas<\/strong>&nbsp;(lo acompa\u00f1an&nbsp;<strong>Roxana Reyes<\/strong>&nbsp;y&nbsp;<strong>Eduardo Vischi<\/strong>), le dijeron al tribunal y a la otra parte juzgada que&nbsp;<mark>van a sostener la remoci\u00f3n del magistrado por mal desempe\u00f1o de sus funciones<\/mark>&nbsp;en la \u00faltima etapa del proceso.<\/p>\n\n\n\n<p>El alegato inicial fue contundente y se bas\u00f3 en las pruebas que sostienen la causa penal contra el magistrado, que se est\u00e1 ventilando en paralelo en los Tribunales federales provinciales. B\u00e1sicamente,\u00a0<mark>Piedecasas sentenci\u00f3 que el juez minti\u00f3 y abus\u00f3 de su autoridad, explicando que no colabor\u00f3 con la Justicia federal de Mendoza y que obstruy\u00f3 la instrucci\u00f3n en su contra<\/mark>, destacando que tom\u00f3 hasta un cr\u00e9dito del Estado para una vivienda cuando ya ten\u00eda otras tres propiedades.<\/p>\n\n\n\n<p>La respuesta de la defensa de Bento, a cargo de Mariano Fragueiro Fr\u00edas, se direccion\u00f3 por el mismo camino que est\u00e1 transitando en el debate penal:&nbsp;<mark>cuestionaron la pruebas al sostener que se trata de testigos de o\u00eddas y de imputados que reconocieron hechos como arrepentidos bajo amenazas o torturas<\/mark>.<\/p>\n\n\n\n<p><mark>Bento declar\u00f3 y confirm\u00f3 que contestar\u00e1 preguntas<\/mark>. Lo hizo durante una hora mientras enumeraba las denuncias y acusaciones que viene detallando en todos los procesos en su contra y continuar\u00e1 su exposici\u00f3n este martes a las 10, d\u00eda en el que tambi\u00e9n est\u00e1 previsto que declaren el ex juez federal Manuel Rodr\u00edguez (Bento fue su secretario en Mendoza, antes de concursar para el cargo de juez de primera instancia), el abogado Ricardo Ra\u00fal S\u00e1nchez y dos secretarias del Juzgado Federal N\u00ba1. Dar\u00e1n testimonio v\u00eda plataforma Zoom.<\/p>\n\n\n\n<p>En un tramo de su defensa, Bento logr\u00f3 que el tribunal presidido por Javier Leal de Ibarra (juez) hiciera lugar a un pedido para pasar videos de los abogados procesados por integrar la presunta asociaci\u00f3n il\u00edcita que, sostiene la fiscal\u00eda general de Mendoza, a cargo de\u00a0<strong>Dante Vega<\/strong>, lider\u00f3 durante a\u00f1os. \u201c<em>No se puede analizar ac\u00e1 lo que se est\u00e1 analizando en Mendoza<\/em>\u201d, se\u00f1al\u00f3 el magistrado, cuestionando el proceso administrativo del Consejo de la Magistratura. Y agreg\u00f3: \u201c<em>No hay ninguna causa de mal desempe\u00f1o porque nunca lo tuve<\/em>\u201d.<\/p>\n\n\n\n<p>Como hizo en su momento ante el citado consejo y en el debate oral federal, Bento apunt\u00f3 contra el fiscal Vega y los \u201c<em>testigos de o\u00eddas y arrepentidos que declararon con la promesa de una excarcelaci\u00f3n, bajo coacci\u00f3n<\/em>\u201d lo que lo comprometieron en la instrucci\u00f3n. \u201c<em>La causa (penal) tiene ocho procesamientos que nunca apel\u00e9. Y no s\u00f3lo eso, solicit\u00e9 ir cuanto antes al tribunal oral<\/em>\u201d, declar\u00f3.<\/p>\n\n\n\n<p>Manteniendo esa base en el discurso, el juez se\u00f1al\u00f3 que el \u201c<em>m\u00f3vil para que me lleven a juicio era mi puesto como juez con competencia electoral, y para ello ten\u00edan que construir pruebas, pruebas falsas<\/em>\u201d; ampliando que en su lugar \u201c<em>podr\u00eda estar cualquier juez de instrucci\u00f3n<\/em>\u201d.&nbsp;<\/p>\n\n\n\n<p>El juez federal, quien fue apartado de su cargo el 31 de mayo por las sospechas de actos de corrupci\u00f3n en el juzgado que lo tiene como titular desde el 2005, defendi\u00f3 los bienes muebles e inmuebles que adquiri\u00f3 desde que comenz\u00f3 a trabajar en el \u00e1mbito privado (antes de ingresar a la Justicia federal) y con el aporte de su esposa,&nbsp;<strong>Marta Boiza<\/strong>.<\/p>\n\n\n\n<p>Antes de culminar su primera parte de la defensa,&nbsp;<mark>el Jury acept\u00f3 el pedido para pasar los videos de los abogados Jaime Alba y Francisco Chato \u00c1lvarez (tambi\u00e9n procesados) y el contrabandista Eugenio Nasi<\/mark>, durante su indagatoria en el debate penal en los Tribunales federales.<\/p>\n\n\n\n<p>Todos aseguraron en ese juicio oral por el Bentogate haber sufrido torturas para que declararan en contra del magistrado. \u201c<em>El fiscal Vega me secuestra de mi domicilio. Me torturaron para que dijera algo falso. Me pasearon por tres comisar\u00edas. Me imputan y me alojan 37 d\u00edas en la U-32, en un s\u00f3tano. &nbsp;Estuve m\u00e1s de un mes para que dijera unas mentiras en contra de Bento, que era lo que quer\u00eda&nbsp;<\/em>(Dante)<em>&nbsp;Vega<\/em>\u201d, se desprende del video de Alba, el cual fue reproducido este lunes despu\u00e9s declarar hace m\u00e1s de una semana en Mendoza.<\/p>\n\n\n\n<p>En esa misma l\u00ednea se pasaron las im\u00e1genes de las declaraciones del Chato \u00c1lvarez y Nasi, procesados como miembro de la asociaci\u00f3n il\u00edcita y por el pago de coimas, respectivamente. \u201c<em>Dos guardiac\u00e1rceles dijeron que los que se quer\u00edan ir deb\u00edan firmar algo y decir lo que quer\u00edan escuchar<\/em>\u201d, dijo \u00c1lvarez.<\/p>\n\n\n\n<p>Por su parte, Nasi dijo que estuvo 10 d\u00edas orinando en una botella y defecando en una bolsa porque no le daban permiso para ir al ba\u00f1o. B\u00e1sicamente,<mark>&nbsp;la defensa de Bento apunt\u00f3 a descreditar a los testigos arrepentidos<\/mark>&nbsp;(los abogados Mart\u00edn R\u00edos y Mat\u00edas Aramayo), quienes declararon en la causa penal que exist\u00eda una organizaci\u00f3n delictiva liderada por el magistrado&nbsp; y que cobraba coimas a cambio de morigerar la situaci\u00f3n procesal de algunos detenidos.<\/p>\n\n\n\n<p>Este martes por la ma\u00f1ana, el proceso continuar\u00e1 con Bento culminando su defensa y respondiendo las preguntas de las partes. La idea es que tambi\u00e9n declaren 4 del total de 15 testigos citados en el proceso.&nbsp;<mark>El Jury tiene que dar a conocer el veredicto antes del 27 noviembre<\/mark>.&nbsp;<mark>Si hace lugar al pedido de remoci\u00f3n, quedar\u00eda en el borde de su detenci\u00f3n<\/mark>, debido a que est\u00e1 procesado con prisi\u00f3n preventiva.<\/p>\n\n\n\n<h3 class=\"wp-block-heading\">FUENTE: elcol.com.ar<\/h3>\n","protected":false},"excerpt":{"rendered":"<p>El acusado asegur\u00f3 que est\u00e1 frente a \u201cpruebas falsas\u201d y este martes continuar\u00e1 su exposici\u00f3n y declarar\u00e1n testigos. Desde los primeros minutos de&nbsp;Jury de Enjuiciamiento&nbsp;contra el juez federal&nbsp;Walter Bento&nbsp;que se inici\u00f3 este lunes en Capital Federal, los acusadores, encabezados por el consejero&nbsp;Miguel Piedecasas&nbsp;(lo acompa\u00f1an&nbsp;Roxana Reyes&nbsp;y&nbsp;Eduardo Vischi), le dijeron al tribunal y a la otra parte [&hellip;]<\/p>\n","protected":false},"author":2,"featured_media":1736,"comment_status":"open","ping_status":"open","sticky":true,"template":"","format":"standard","meta":[],"categories":[51],"tags":[],"_links":{"self":[{"href":"https:\/\/pasaenmendoza.com\/index.php?rest_route=\/wp\/v2\/posts\/1735"}],"collection":[{"href":"https:\/\/pasaenmendoza.com\/index.php?rest_route=\/wp\/v2\/posts"}],"about":[{"href":"https:\/\/pasaenmendoza.com\/index.php?rest_route=\/wp\/v2\/types\/post"}],"author":[{"embeddable":true,"href":"https:\/\/pasaenmendoza.com\/index.php?rest_route=\/wp\/v2\/users\/2"}],"replies":[{"embeddable":true,"href":"https:\/\/pasaenmendoza.com\/index.php?rest_route=%2Fwp%2Fv2%2Fcomments&post=1735"}],"version-history":[{"count":1,"href":"https:\/\/pasaenmendoza.com\/index.php?rest_route=\/wp\/v2\/posts\/1735\/revisions"}],"predecessor-version":[{"id":1737,"href":"https:\/\/pasaenmendoza.com\/index.php?rest_route=\/wp\/v2\/posts\/1735\/revisions\/1737"}],"wp:featuredmedia":[{"embeddable":true,"href":"https:\/\/pasaenmendoza.com\/index.php?rest_route=\/wp\/v2\/media\/1736"}],"wp:attachment":[{"href":"https:\/\/pasaenmendoza.com\/index.php?rest_route=%2Fwp%2Fv2%2Fmedia&parent=1735"}],"wp:term":[{"taxonomy":"category","embeddable":true,"href":"https:\/\/pasaenmendoza.com\/index.php?rest_route=%2Fwp%2Fv2%2Fcategories&post=1735"},{"taxonomy":"post_tag","embeddable":true,"href":"https:\/\/pasaenmendoza.com\/index.php?rest_route=%2Fwp%2Fv2%2Ftags&post=1735"}],"curies":[{"name":"wp","href":"https:\/\/api.w.org\/{rel}","templated":true}]}}