{"id":1738,"date":"2023-09-26T14:10:18","date_gmt":"2023-09-26T12:10:18","guid":{"rendered":"https:\/\/pasaenmendoza.com\/?p=1738"},"modified":"2023-09-26T14:10:19","modified_gmt":"2023-09-26T12:10:19","slug":"cornejo-en-los-medios-portenos-votar-solo-con-bronca-no-cambiara-la-argentina","status":"publish","type":"post","link":"https:\/\/pasaenmendoza.com\/?p=1738","title":{"rendered":"Cornejo en los medios porte\u00f1os: &#8220;Votar solo con bronca no cambiar\u00e1 la Argentina&#8221;"},"content":{"rendered":"\n<p>El gobernador electo de Mendoza fue requerido por la prensa porte\u00f1a. All\u00ed, ofici\u00f3 de impulsor de la candidatura de Patricia Bullrich de quien, dijo, &#8220;contar\u00e1 con el apoyo de 10 gobernadores para cambiar la econom\u00eda&#8221;.<\/p>\n\n\n\n<p><strong>El gobernador electo de Mendoza, Alfredo Cornejo,\u00a0<\/strong>se refiri\u00f3 en di\u00e1logo con el periodista porte\u00f1o Joaqu\u00edn Morales Sol\u00e1 en el programa &#8220;Desde el Llano&#8221; por\u00a0<em>TN<\/em>, a la importancia de los triunfos conseguidos por Juntos por el Cambio en las elecciones provinciales. Aunque opt\u00f3 por no hacer proyecciones nacionales, remarc\u00f3\u00a0<strong>la importancia que tiene para la candidata a presidenta de Juntos por el Cambio, Patricia Bullrich, contar con el apoyo de los gobernadores<\/strong>.<\/p>\n\n\n\n<p>Cornejo tambi\u00e9n habl\u00f3 sobre el notorio retroceso que tuvo el oficialismo en todo el pa\u00eds. &#8220;<strong>En Mendoza hizo una performance muy mala el kirchnerismo.<\/strong>&nbsp;La derrota de Jorge Capitanich, la derrota en Santa Fe, la fuga de buena parte de los candidatos del peronismo que hubo hacia La Uni\u00f3n Mendocina&nbsp;<strong>son sin ninguna duda el efecto del mal manejo de la econom\u00eda<\/strong>&#8220;, subray\u00f3 Cornejo.<\/p>\n\n\n\n<p>En referencia a la administraci\u00f3n de la econom\u00eda remarc\u00f3 la crisis generada por el retraso del d\u00f3lar. &#8220;<strong>El kirchnerismo en los 20 a\u00f1os ha gobernado 16. Y en buena parte de ese tiempo gobern\u00f3 con el tipo de cambio retrasado<\/strong>. Una provincia como Mendoza sufre el tipo de cambio retrasado&#8221;, concluy\u00f3.<\/p>\n\n\n\n<p>FUENTE: memo.com.ar<\/p>\n","protected":false},"excerpt":{"rendered":"<p>El gobernador electo de Mendoza fue requerido por la prensa porte\u00f1a. All\u00ed, ofici\u00f3 de impulsor de la candidatura de Patricia Bullrich de quien, dijo, &#8220;contar\u00e1 con el apoyo de 10 gobernadores para cambiar la econom\u00eda&#8221;. El gobernador electo de Mendoza, Alfredo Cornejo,\u00a0se refiri\u00f3 en di\u00e1logo con el periodista porte\u00f1o Joaqu\u00edn Morales Sol\u00e1 en el programa [&hellip;]<\/p>\n","protected":false},"author":2,"featured_media":1739,"comment_status":"open","ping_status":"open","sticky":true,"template":"","format":"standard","meta":[],"categories":[47],"tags":[],"_links":{"self":[{"href":"https:\/\/pasaenmendoza.com\/index.php?rest_route=\/wp\/v2\/posts\/1738"}],"collection":[{"href":"https:\/\/pasaenmendoza.com\/index.php?rest_route=\/wp\/v2\/posts"}],"about":[{"href":"https:\/\/pasaenmendoza.com\/index.php?rest_route=\/wp\/v2\/types\/post"}],"author":[{"embeddable":true,"href":"https:\/\/pasaenmendoza.com\/index.php?rest_route=\/wp\/v2\/users\/2"}],"replies":[{"embeddable":true,"href":"https:\/\/pasaenmendoza.com\/index.php?rest_route=%2Fwp%2Fv2%2Fcomments&post=1738"}],"version-history":[{"count":1,"href":"https:\/\/pasaenmendoza.com\/index.php?rest_route=\/wp\/v2\/posts\/1738\/revisions"}],"predecessor-version":[{"id":1740,"href":"https:\/\/pasaenmendoza.com\/index.php?rest_route=\/wp\/v2\/posts\/1738\/revisions\/1740"}],"wp:featuredmedia":[{"embeddable":true,"href":"https:\/\/pasaenmendoza.com\/index.php?rest_route=\/wp\/v2\/media\/1739"}],"wp:attachment":[{"href":"https:\/\/pasaenmendoza.com\/index.php?rest_route=%2Fwp%2Fv2%2Fmedia&parent=1738"}],"wp:term":[{"taxonomy":"category","embeddable":true,"href":"https:\/\/pasaenmendoza.com\/index.php?rest_route=%2Fwp%2Fv2%2Fcategories&post=1738"},{"taxonomy":"post_tag","embeddable":true,"href":"https:\/\/pasaenmendoza.com\/index.php?rest_route=%2Fwp%2Fv2%2Ftags&post=1738"}],"curies":[{"name":"wp","href":"https:\/\/api.w.org\/{rel}","templated":true}]}}