{"id":1749,"date":"2023-09-26T18:03:28","date_gmt":"2023-09-26T16:03:28","guid":{"rendered":"https:\/\/pasaenmendoza.com\/?p=1749"},"modified":"2023-09-26T18:03:29","modified_gmt":"2023-09-26T16:03:29","slug":"como-reclamar-el-descuento-del-iva","status":"publish","type":"post","link":"https:\/\/pasaenmendoza.com\/?p=1749","title":{"rendered":"C\u00f3mo reclamar el descuento del IVA"},"content":{"rendered":"\n<p>La Administraci\u00f3n Federal de Ingresos P\u00fablicos (<strong>AFIP<\/strong>), instrument\u00f3 el programa\u00a0<strong>&#8220;Compre sin\u00a0IVA&#8221;<\/strong>\u00a0para la devoluci\u00f3n del Impuesto al Valor Agregado (21%) en la compra de productos de la canasta b\u00e1sica con d\u00e9bito.<\/p>\n\n\n\n<p>El programa &#8220;Compre sin&nbsp;<strong>IVA<\/strong>&#8221; rige para todos los rubros de alimentos y bebidas e higiene personal, con un tope mensual por persona de $18.800, que se identificar\u00e1 seg\u00fan el CUIL o CUIT.<\/p>\n\n\n\n<p>El monto se acreditar\u00e1 en la cuenta bancaria del contribuyente a las 48 horas de realizada la operaci\u00f3n. Cabe destacar que no habr\u00e1 necesidad de realizar ning\u00fan tipo de tr\u00e1mite, ya que se activa de manera autom\u00e1tica.<\/p>\n\n\n\n<p>La medida, establecida mediante la Resoluci\u00f3n General N\u00b0 5418\/2023 publicada hoy en el Bolet\u00edn Oficial, beneficiar\u00e1 a m\u00e1s de 20 millones de personas.<\/p>\n\n\n\n<p>A partir de esta norma, trabajadores y trabajadoras que cobren salarios de hasta $708.000, monotributistas, jubilados y pensionados que perciban hasta seis haberes m\u00ednimos, y titulares de la Asignaci\u00f3n Universal por Hijo (AUH), Tarjeta Alimentar o Potenciar Trabajo, recibir\u00e1n el equivalente al 21% de sus gastos realizados con tarjeta de d\u00e9bito en bienes de primera necesidad.<\/p>\n\n\n\n<h2 class=\"wp-block-heading\">Compre sin IVA: c\u00f3mo realizar el reclamo<\/h2>\n\n\n\n<p>Aquellas personas que no reciban el reintegro del programa\u00a0<strong>&#8220;Compre sin IVA&#8221;<\/strong>, pueden realizar el tr\u00e1mite del reclamo ante la\u00a0<strong>AFIP\u00a0<\/strong>completando el formulario del Programa de Asistencia al Usuario en la\u00a0p\u00e1gina oficial.<\/p>\n\n\n\n<p>El solicitante deber\u00e1 ingresar:<\/p>\n\n\n\n<ul>\n<li>Nombre y apellido<\/li>\n\n\n\n<li>Raz\u00f3n social<\/li>\n\n\n\n<li>CUIT, CUIL o n\u00famero de documento<\/li>\n\n\n\n<li>N\u00famero de tel\u00e9fono y direcci\u00f3n del correo electr\u00f3nico<\/li>\n\n\n\n<li>Detalle de la presentaci\u00f3n<\/li>\n<\/ul>\n\n\n\n<figure class=\"wp-block-image\"><img decoding=\"async\" src=\"https:\/\/media.diariouno.com.ar\/p\/e512374962173ef731591a4bc701ec9d\/adjuntos\/298\/imagenes\/009\/232\/0009232657\/1200x0\/smart\/iva-devolucion-como-reclamar1jpg.jpg\" alt=\"Quienes quieran verificar si est&aacute;n incluidos en programa pueden hacerlo a trav&eacute;s del apartado del sitio web de la AFIP.\" title=\"Quienes quieran verificar si est&aacute;n incluidos en programa pueden hacerlo a trav&eacute;s del apartado del sitio web de la AFIP.\"\/><\/figure>\n\n\n\n<p>Quienes quieran verificar si est\u00e1n incluidos en programa pueden hacerlo a trav\u00e9s del apartado del sitio web de la AFIP.<\/p>\n\n\n\n<p>La\u00a0<strong>AFIP\u00a0<\/strong>cuenta adem\u00e1s con una l\u00ednea telef\u00f3nica (0800 999 2347), a la que se puede llamar de lunes a viernes de 9 a 16 horas.<\/p>\n\n\n\n<h2 class=\"wp-block-heading\">Devoluci\u00f3n del IVA: lo que no se tendr\u00e1 en cuenta en el reclamo<\/h2>\n\n\n\n<p>El ente, sin embargo, se\u00f1ala que<strong>&nbsp;no se tendr\u00e1n en cuenta los reclamos<\/strong>&nbsp;cuando:<\/p>\n\n\n\n<ul>\n<li>Se presenten sin la informaci\u00f3n necesaria.<\/li>\n\n\n\n<li>Los datos de identificaci\u00f3n fuesen falsos o no se pudiese verificar su autenticidad.<\/li>\n\n\n\n<li>No resulte claro el motivo del reclamo o sugerencia realizada y no se pueda establecer un contacto con el reclamante para aclarar dicha situaci\u00f3n.<\/li>\n\n\n\n<li>Se pretenda tramitar acciones, recursos o derechos como si fueran un reclamo o sugerencia.<\/li>\n\n\n\n<li>Se presenten reclamos referidos a pedidos de resoluci\u00f3n de procedimientos ya iniciados, sujetas a plazos espec\u00edficos, antes del vencimiento del respectivo plazo.<\/li>\n\n\n\n<li>Se reiteren reclamos o sugerencias que ya fueron atendidos.<\/li>\n\n\n\n<li>Los reclamos o sugerencias no est\u00e9n vinculados con la competencia de la AFIP.<\/li>\n\n\n\n<li>La presentaci\u00f3n corresponda a una denuncia. En este caso, deber\u00e1 ser efectuada telef\u00f3nicamente comunic\u00e1ndose al Centro de Atenci\u00f3n de Denuncias al 0800-999-DENU (3368), opci\u00f3n 2, de lunes a viernes de 10 a 16 hs.<\/li>\n<\/ul>\n\n\n\n<p><strong>Fuente: www.diariouno.com.ar<\/strong><\/p>\n","protected":false},"excerpt":{"rendered":"<p>La Administraci\u00f3n Federal de Ingresos P\u00fablicos (AFIP), instrument\u00f3 el programa\u00a0&#8220;Compre sin\u00a0IVA&#8221;\u00a0para la devoluci\u00f3n del Impuesto al Valor Agregado (21%) en la compra de productos de la canasta b\u00e1sica con d\u00e9bito. El programa &#8220;Compre sin&nbsp;IVA&#8221; rige para todos los rubros de alimentos y bebidas e higiene personal, con un tope mensual por persona de $18.800, que [&hellip;]<\/p>\n","protected":false},"author":2,"featured_media":1750,"comment_status":"open","ping_status":"open","sticky":false,"template":"","format":"standard","meta":[],"categories":[49],"tags":[],"_links":{"self":[{"href":"https:\/\/pasaenmendoza.com\/index.php?rest_route=\/wp\/v2\/posts\/1749"}],"collection":[{"href":"https:\/\/pasaenmendoza.com\/index.php?rest_route=\/wp\/v2\/posts"}],"about":[{"href":"https:\/\/pasaenmendoza.com\/index.php?rest_route=\/wp\/v2\/types\/post"}],"author":[{"embeddable":true,"href":"https:\/\/pasaenmendoza.com\/index.php?rest_route=\/wp\/v2\/users\/2"}],"replies":[{"embeddable":true,"href":"https:\/\/pasaenmendoza.com\/index.php?rest_route=%2Fwp%2Fv2%2Fcomments&post=1749"}],"version-history":[{"count":1,"href":"https:\/\/pasaenmendoza.com\/index.php?rest_route=\/wp\/v2\/posts\/1749\/revisions"}],"predecessor-version":[{"id":1751,"href":"https:\/\/pasaenmendoza.com\/index.php?rest_route=\/wp\/v2\/posts\/1749\/revisions\/1751"}],"wp:featuredmedia":[{"embeddable":true,"href":"https:\/\/pasaenmendoza.com\/index.php?rest_route=\/wp\/v2\/media\/1750"}],"wp:attachment":[{"href":"https:\/\/pasaenmendoza.com\/index.php?rest_route=%2Fwp%2Fv2%2Fmedia&parent=1749"}],"wp:term":[{"taxonomy":"category","embeddable":true,"href":"https:\/\/pasaenmendoza.com\/index.php?rest_route=%2Fwp%2Fv2%2Fcategories&post=1749"},{"taxonomy":"post_tag","embeddable":true,"href":"https:\/\/pasaenmendoza.com\/index.php?rest_route=%2Fwp%2Fv2%2Ftags&post=1749"}],"curies":[{"name":"wp","href":"https:\/\/api.w.org\/{rel}","templated":true}]}}