{"id":1759,"date":"2023-09-26T18:30:40","date_gmt":"2023-09-26T16:30:40","guid":{"rendered":"https:\/\/pasaenmendoza.com\/?p=1759"},"modified":"2023-09-26T18:30:41","modified_gmt":"2023-09-26T16:30:41","slug":"el-gobierno-dio-marcha-atras-y-anulo-la-inhabilitacion-definitiva-de-la-app-de-viajes-maxim","status":"publish","type":"post","link":"https:\/\/pasaenmendoza.com\/?p=1759","title":{"rendered":"El Gobierno dio marcha atr\u00e1s y anul\u00f3 la inhabilitaci\u00f3n definitiva de la app de viajes Maxim"},"content":{"rendered":"\n<p>El Gobierno provincial&nbsp;<mark>anul\u00f3 y revoc\u00f3 la inhabilitaci\u00f3n definitiva<\/mark>&nbsp;que hab\u00eda aplicado a fines de agosto contra&nbsp;<strong>Maxim<\/strong>, luego de que la app de viajes no acatara una sanci\u00f3n previa por haber autorizado el trabajo de un grupo de veh\u00edculos sin el aval de la Secretar\u00eda de Servicios P\u00fablicos.<\/p>\n\n\n\n<p>La empresa present\u00f3 un recurso de revocatoria contra la resoluci\u00f3n 2.414\/2023 del Ente de Movilidad Provincial (EMOP) por considerar que se vulner\u00f3 su derecho de defensa, que se trat\u00f3 de una sanci\u00f3n desproporcionada y que se agravi\u00f3 el derecho constitucional al trabajo de sus conductores.\u00a0<mark>Incluso amenaz\u00f3 con recurrir a la Justicia federal<\/mark>, adem\u00e1s de solicitar la suspensi\u00f3n de la dr\u00e1stica medida.<\/p>\n\n\n\n<p><mark>El reclamo oblig\u00f3 al Gobierno a dar marcha atr\u00e1s.&nbsp;<\/mark>En los considerandos de la resoluci\u00f3n 2.596\/2023 del EMOP, publicada este martes en el Bolet\u00edn Oficial, el Ejecutivo admiti\u00f3&nbsp;<em>\u201cerrores de sustanciaci\u00f3n que implican ciertas nulidades procedimentales y la necesidad de retrogradar la causa\u201d.<\/em><\/p>\n\n\n\n<p>Por ese motivo, el directorio del ente hizo lugar al recurso de revocatoria presentado por Maxim,&nbsp;<em>\u201canulando y revocando\u201d la resoluci\u00f3n 2.414<\/em>, del 25 de agosto de 2023. Adem\u00e1s pidi\u00f3 que se analizara nuevamente el caso.<\/p>\n\n\n\n<p>En tanto, desde el Ente de la Movilidad Provincial se\u00f1alaron que \u201c<em>ante la presentaci\u00f3n de un recurso de revocatoria de parte de la empresa Maxim, contra la resoluci\u00f3n que dispuso la inhabilitaci\u00f3n de la plataforma, el EMOP ha decidido dejar moment\u00e1neamente sin efecto la sanci\u00f3n impuesta mientras se da curso administrativo del reclamo formulado y se resuelve el fondo del mismo<\/em>\u201c.<\/p>\n\n\n\n<p>Por otra parte, aseguraron que no \u201c<em>se cae la sanci\u00f3n impuest<\/em>a\u201d, sino que es un paso administrativo que se tiene que dar mientras se da lugar a la presentaci\u00f3n que realiz\u00f3 la app de viajes.<\/p>\n\n\n\n<p><object data=\"https:\/\/newspack-elsol.s3.amazonaws.com\/wp-content\/uploads\/2023\/09\/pedido_221185_25092023.pdf\" type=\"application\/pdf\"><\/object><\/p>\n\n\n\n<p><strong>Maxim&nbsp;<\/strong>hab\u00eda sido inhabilitada permanentemente por no cumplir con la suspensi\u00f3n de que se le hab\u00eda aplicado el 4 de agosto.<\/p>\n\n\n\n<p>El EMOP explic\u00f3 que luego de labrar diferentes actas de infracci\u00f3n,&nbsp;<mark>principalmente por utilizar veh\u00edculos sin la autorizaci\u00f3n de de la Direcci\u00f3n de Transporte<\/mark>, se decidi\u00f3 suspender a la aplicaci\u00f3n por 60 d\u00edas. La empresa present\u00f3 un recurso de revocatoria y&nbsp;logr\u00f3 reducir la sanci\u00f3n a 30 d\u00edas.<\/p>\n\n\n\n<p>La prohibici\u00f3n comenz\u00f3 a regir el 4 de agosto. Pero&nbsp;<em>\u201cel imputado, muy lejos de acatar la sanci\u00f3n aplicada por esta Autoridad de Contralor, nunca ha dejado de prestar sus servicios\u201d<\/em>.<\/p>\n\n\n\n<p>Por ese motivo, el ente de control consider\u00f3 \u201c<em>la empresa adolece de una severa reticencia u omisi\u00f3n dolosa hacia el cumplimiento de la normativa legal y del orden jur\u00eddico provincial. Su conducta es deliberada, dolosa, es decir, con la clara intenci\u00f3n de trasgredir la prohibici\u00f3n legal, sin importar las consecuencias que su accionar ocasione, tanto al ordenamiento jur\u00eddico como a los propios asociados a su plataforma\u201d<\/em>.<\/p>\n\n\n\n<p><strong>Fuente: www.elsol.com.ar<\/strong><\/p>\n","protected":false},"excerpt":{"rendered":"<p>El Gobierno provincial&nbsp;anul\u00f3 y revoc\u00f3 la inhabilitaci\u00f3n definitiva&nbsp;que hab\u00eda aplicado a fines de agosto contra&nbsp;Maxim, luego de que la app de viajes no acatara una sanci\u00f3n previa por haber autorizado el trabajo de un grupo de veh\u00edculos sin el aval de la Secretar\u00eda de Servicios P\u00fablicos. La empresa present\u00f3 un recurso de revocatoria contra la [&hellip;]<\/p>\n","protected":false},"author":2,"featured_media":1760,"comment_status":"open","ping_status":"open","sticky":false,"template":"","format":"standard","meta":[],"categories":[50],"tags":[],"_links":{"self":[{"href":"https:\/\/pasaenmendoza.com\/index.php?rest_route=\/wp\/v2\/posts\/1759"}],"collection":[{"href":"https:\/\/pasaenmendoza.com\/index.php?rest_route=\/wp\/v2\/posts"}],"about":[{"href":"https:\/\/pasaenmendoza.com\/index.php?rest_route=\/wp\/v2\/types\/post"}],"author":[{"embeddable":true,"href":"https:\/\/pasaenmendoza.com\/index.php?rest_route=\/wp\/v2\/users\/2"}],"replies":[{"embeddable":true,"href":"https:\/\/pasaenmendoza.com\/index.php?rest_route=%2Fwp%2Fv2%2Fcomments&post=1759"}],"version-history":[{"count":1,"href":"https:\/\/pasaenmendoza.com\/index.php?rest_route=\/wp\/v2\/posts\/1759\/revisions"}],"predecessor-version":[{"id":1761,"href":"https:\/\/pasaenmendoza.com\/index.php?rest_route=\/wp\/v2\/posts\/1759\/revisions\/1761"}],"wp:featuredmedia":[{"embeddable":true,"href":"https:\/\/pasaenmendoza.com\/index.php?rest_route=\/wp\/v2\/media\/1760"}],"wp:attachment":[{"href":"https:\/\/pasaenmendoza.com\/index.php?rest_route=%2Fwp%2Fv2%2Fmedia&parent=1759"}],"wp:term":[{"taxonomy":"category","embeddable":true,"href":"https:\/\/pasaenmendoza.com\/index.php?rest_route=%2Fwp%2Fv2%2Fcategories&post=1759"},{"taxonomy":"post_tag","embeddable":true,"href":"https:\/\/pasaenmendoza.com\/index.php?rest_route=%2Fwp%2Fv2%2Ftags&post=1759"}],"curies":[{"name":"wp","href":"https:\/\/api.w.org\/{rel}","templated":true}]}}