{"id":1763,"date":"2023-09-27T13:37:36","date_gmt":"2023-09-27T11:37:36","guid":{"rendered":"https:\/\/pasaenmendoza.com\/?p=1763"},"modified":"2023-09-27T13:37:37","modified_gmt":"2023-09-27T11:37:37","slug":"en-medio-de-las-sospechas-de-corrupcion-el-gobierno-le-otorgo-un-subsidio-a-la-gestion-orozco","status":"publish","type":"post","link":"https:\/\/pasaenmendoza.com\/?p=1763","title":{"rendered":"En medio de las sospechas de corrupci\u00f3n, el Gobierno le otorg\u00f3 un subsidio a la gesti\u00f3n Orozco"},"content":{"rendered":"\n<p>Fue para cubrir parte de los gastos de un festival que se hab\u00eda hecho en febrero en Las Heras. Son alrededor de 10 millones de pesos.<\/p>\n\n\n\n<p>Ya con varias investigaciones judiciales en marcha, incluyendo una causa por presunto enriquecimiento de funcionarios con fondos p\u00fablicos,\u00a0<strong>el Gobierno de Mendoza otorg\u00f3 a la Municipalidad de Las Heras un subsidio de alrededor de 10 millones de pesos.<\/strong><\/p>\n\n\n\n<p>El subsidio, de exactamente<strong>\u00a0$ 8.757.500<\/strong>, fue autorizado el\u00a0<strong>22 de junio<\/strong>\u00a0pasado a trav\u00e9s del<strong>\u00a0decreto 1263\/23<\/strong>, firmado por el gobernador Rodolfo Suarez y el ministro de Planificaci\u00f3n, Mario Isgr\u00f3.<\/p>\n\n\n\n<p>Del decreto surge que el dinero entregado a la gesti\u00f3n de Daniel Orozco en Las Heras era<strong>\u00a0para pagar los costos del 33er Festival de Alta Monta\u00f1a<\/strong>, que se hab\u00eda llevado a cabo los d\u00edas 4 y 5 de febrero de 2.023 en el distrito de Uspallata, encabezado por el intendente\u00a0<strong>Daniel Orozco<\/strong>.<\/p>\n\n\n\n<p><strong>Concretamente, el decreto establece tres puntos centrales:<\/strong>&nbsp;<\/p>\n\n\n\n<p>1- &#8220;Ot\u00f3rguese un subsidio con cargo de rendir cuentas a la MUNICIPALIDAD DE LAS HERAS, C.U.I.T. N\u00ba: 33-65456547-9, por la suma de PESOS OCHO MILLONES SETECIENTOS CINCUENTA Y SIETE MIL QUINIENTOS&nbsp;<strong>($ 8.757.500,00<\/strong>), destinado a solventar parte de los gastos de realizaci\u00f3n del&nbsp;<strong>33\u00b0 Festival de Alta Monta\u00f1a<\/strong>&nbsp;llevado a cabo el 04 y 05 de Febrero del corriente a\u00f1o, en el Distrito de Uspallata&#8221;.<\/p>\n\n\n\n<p>2- &#8220;La recepci\u00f3n y rendici\u00f3n de cuentas del presente subsidio lo realizar\u00e1 el Intendente del Municipio, SR.&nbsp;<strong>MARIO DANIEL OROZCO<\/strong>, D.N.I. 13.470.000, dentro del un plazo no superior a los 90 (noventa) d\u00edas corridos, a partir de la recepci\u00f3n de estos fondos y conforme a lo establecido por el Acuerdo N\u00ba 2514\/97, texto ordenado por Acuerdo N\u00ba 6374 y su modificatorio del Tribunal de Cuentas de la Provincia&#8221;.&nbsp;<\/p>\n\n\n\n<p>3- &#8220;El gasto dispuesto por el presente decreto ser\u00e1 atendido por la&nbsp;<strong>Tesorer\u00eda General de la Provincia<\/strong>, con cargo a la partida U.G.C G99019-43117-95, U.G.E. G96137 del Presupuesto vigente para el a\u00f1o en curso&#8221;.<\/p>\n\n\n\n<p>M\u00e1s all\u00e1 de establecer que el dinero surgir\u00e1 del Presupuesto vigente, se menciona que provienen del Convenio &#8220;Promoci\u00f3n de las Producci\u00f3n, el Turismo Sustentable y Desarrollo de las Industrias Culturales&#8221;, &#8220;oportunamente suscrito entre la Provincia de Mendoza y el Consejo Federal de Inversiones&#8221;.<\/p>\n\n\n\n<h3 class=\"wp-block-heading\">\u00bfY el intendente?<\/h3>\n\n\n\n<p>Desde la derrota del domingo a nivel provincial y municipal, donde el candidato de Orozco, Mart\u00edn Bustos, perdi\u00f3 la intendencia,<strong>&nbsp;nada se sabe del actual jefe comunal<\/strong>&nbsp;ni de su esposa y secretaria de Gobierno, Janina Ortiz. La \u00fanica manifestaci\u00f3n p\u00fablica fue a trav\u00e9s de redes sociales, felicitando al ganador, Francisco Lo Presti.<\/p>\n\n\n\n<p>Justamente, este martes al mediod\u00eda,\u00a0<strong>ingres\u00f3 a la Municipalidad de Las Heras una nota firmada por Lo Presti\u00a0<\/strong>y dirigida al intendente Orozco, en la que le pide una reuni\u00f3n para este jueves y, as\u00ed, iniciar la transici\u00f3n que deber\u00eda culminar en diciembre con el traspaso de mando.<\/p>\n\n\n\n<p>FUENTE: memo.com.ar<\/p>\n","protected":false},"excerpt":{"rendered":"<p>Fue para cubrir parte de los gastos de un festival que se hab\u00eda hecho en febrero en Las Heras. Son alrededor de 10 millones de pesos. Ya con varias investigaciones judiciales en marcha, incluyendo una causa por presunto enriquecimiento de funcionarios con fondos p\u00fablicos,\u00a0el Gobierno de Mendoza otorg\u00f3 a la Municipalidad de Las Heras un [&hellip;]<\/p>\n","protected":false},"author":2,"featured_media":1764,"comment_status":"open","ping_status":"open","sticky":true,"template":"","format":"standard","meta":[],"categories":[47],"tags":[],"_links":{"self":[{"href":"https:\/\/pasaenmendoza.com\/index.php?rest_route=\/wp\/v2\/posts\/1763"}],"collection":[{"href":"https:\/\/pasaenmendoza.com\/index.php?rest_route=\/wp\/v2\/posts"}],"about":[{"href":"https:\/\/pasaenmendoza.com\/index.php?rest_route=\/wp\/v2\/types\/post"}],"author":[{"embeddable":true,"href":"https:\/\/pasaenmendoza.com\/index.php?rest_route=\/wp\/v2\/users\/2"}],"replies":[{"embeddable":true,"href":"https:\/\/pasaenmendoza.com\/index.php?rest_route=%2Fwp%2Fv2%2Fcomments&post=1763"}],"version-history":[{"count":1,"href":"https:\/\/pasaenmendoza.com\/index.php?rest_route=\/wp\/v2\/posts\/1763\/revisions"}],"predecessor-version":[{"id":1765,"href":"https:\/\/pasaenmendoza.com\/index.php?rest_route=\/wp\/v2\/posts\/1763\/revisions\/1765"}],"wp:featuredmedia":[{"embeddable":true,"href":"https:\/\/pasaenmendoza.com\/index.php?rest_route=\/wp\/v2\/media\/1764"}],"wp:attachment":[{"href":"https:\/\/pasaenmendoza.com\/index.php?rest_route=%2Fwp%2Fv2%2Fmedia&parent=1763"}],"wp:term":[{"taxonomy":"category","embeddable":true,"href":"https:\/\/pasaenmendoza.com\/index.php?rest_route=%2Fwp%2Fv2%2Fcategories&post=1763"},{"taxonomy":"post_tag","embeddable":true,"href":"https:\/\/pasaenmendoza.com\/index.php?rest_route=%2Fwp%2Fv2%2Ftags&post=1763"}],"curies":[{"name":"wp","href":"https:\/\/api.w.org\/{rel}","templated":true}]}}